{"id":3661,"date":"2021-12-20T19:00:03","date_gmt":"2021-12-20T19:00:03","guid":{"rendered":"http:\/\/www.cudecoop.coop\/cudecoop\/?p=3661"},"modified":"2021-12-20T19:00:03","modified_gmt":"2021-12-20T19:00:03","slug":"firma-de-convenio-entre-intendencia-de-montevideo-y-cudecoop","status":"publish","type":"post","link":"http:\/\/www.cudecoop.coop\/cudecoop\/firma-de-convenio-entre-intendencia-de-montevideo-y-cudecoop\/","title":{"rendered":"Firma de convenio entre Intendencia de Montevideo y Cudecoop"},"content":{"rendered":"<p>El jueves 15 de dicimebre CUDECOOP y la Intendencia de Montevideo establecieron una alianza para desarrollar iniciativas vinculadas al desarrollo ambiental.&nbsp;<\/p>\n<div class=\"twitter-tweet\">\n<blockquote class=\"twitter-tweet\" data-lang=\"es\">\n<p lang=\"es\" dir=\"ltr\">Hoy firmamos acuerdo por  desarrollo ambiental de Montevideo con <a href=\"https:\/\/twitter.com\/montevideoIM?ref_src=twsrc%5Etfw\">@montevideoIM<\/a> &quot;el cooperativismo ya est\u00e1 comprometido con la comunidad, su crecimiento e inclusi\u00f3n, este convenio marca un inicio a largo plazo para que el cooperativismo aporte a la comunidad toda&quot; <a href=\"https:\/\/twitter.com\/alicia_maneiro?ref_src=twsrc%5Etfw\">@alicia_maneiro<\/a> <a href=\"https:\/\/t.co\/wUOhM9Iy6G\">pic.twitter.com\/wUOhM9Iy6G<\/a><\/p>\n<p>&mdash; Cudecoop (@Cudecoop_uy) <a href=\"https:\/\/twitter.com\/Cudecoop_uy\/status\/1471207724088102912?ref_src=twsrc%5Etfw\">15 de diciembre de 2021<\/a><\/p><\/blockquote>\n<\/div>\n<p>Los proyectos a trabajar estar\u00e1n relacionados con la estrategia de desarrollo ambiental del gobierno departamental, que se despliega a trav\u00e9s del plan &#8220;Montevideo m\u00e1s verde&#8221;, que implica temas como alimentaci\u00f3n saludable, gesti\u00f3n sostenible, promoci\u00f3n de una cultura ambiental en la ciudad, innovaci\u00f3n y emprendedurismo asociativo.&nbsp;<\/p>\n<div class=\"twitter-tweet\">\n<blockquote class=\"twitter-tweet\" data-lang=\"es\">\n<p lang=\"es\" dir=\"ltr\">&quot;La idea de este acuerdo es ser marco p generar acciones concretas, es el comienzo de la visi\u00f3n integral de las coops en mvd.<\/p>\n<p>Las coops en sus diferentes formas han sido un socio de los m\u00e1s fiables y ejecutivo, como socios con su impronta propia y organizada.&quot; <a href=\"https:\/\/twitter.com\/gmonce?ref_src=twsrc%5Etfw\">@gmonce<\/a> <a href=\"https:\/\/t.co\/1i8dUqXMxn\">pic.twitter.com\/1i8dUqXMxn<\/a><\/p>\n<p>&mdash; Cudecoop (@Cudecoop_uy) <a href=\"https:\/\/twitter.com\/Cudecoop_uy\/status\/1471209469220515844?ref_src=twsrc%5Etfw\">15 de diciembre de 2021<\/a><\/p><\/blockquote>\n<\/div>\n<p><iframe loading=\"lazy\" title=\"Firma de convenio entre Intendencia de Montevideo y Cudecoop\" width=\"525\" height=\"295\" src=\"https:\/\/www.youtube.com\/embed\/bENxzV2q4AA?feature=oembed\" frameborder=\"0\" allow=\"accelerometer; autoplay; clipboard-write; encrypted-media; gyroscope; picture-in-picture; web-share\" referrerpolicy=\"strict-origin-when-cross-origin\" allowfullscreen><\/iframe><\/p>\n","protected":false},"excerpt":{"rendered":"<p>El jueves 15 de dicimebre CUDECOOP y la Intendencia de Montevideo establecieron una alianza para desarrollar iniciativas vinculadas al desarrollo ambiental.&nbsp; Hoy firmamos acuerdo por desarrollo ambiental de Montevideo con @montevideoIM &quot;el cooperativismo ya est\u00e1 comprometido con la comunidad, su crecimiento e inclusi\u00f3n, este convenio marca un inicio a largo plazo para que el cooperativismo aporte a la comunidad toda&quot; @alicia_maneiro pic.twitter.com\/wUOhM9Iy6G &mdash; Cudecoop (@Cudecoop_uy) 15 de diciembre de 2021 Los proyectos a trabajar estar\u00e1n relacionados con la estrategia de desarrollo ambiental del gobierno departamental, que se despliega a trav\u00e9s del plan &#8220;Montevideo m\u00e1s verde&#8221;, que implica temas como alimentaci\u00f3n [&#8230;]<\/p>\n","protected":false},"author":27,"featured_media":0,"comment_status":"open","ping_status":"open","sticky":false,"template":"","format":"standard","meta":{"_acf_changed":false,"ngg_post_thumbnail":0,"footnotes":""},"categories":[7,6,1],"tags":[],"class_list":["post-3661","post","type-post","status-publish","format-standard","hentry","category-cooperativas","category-institucionales","category-noticias"],"acf":[],"_links":{"self":[{"href":"http:\/\/www.cudecoop.coop\/cudecoop\/wp-json\/wp\/v2\/posts\/3661","targetHints":{"allow":["GET"]}}],"collection":[{"href":"http:\/\/www.cudecoop.coop\/cudecoop\/wp-json\/wp\/v2\/posts"}],"about":[{"href":"http:\/\/www.cudecoop.coop\/cudecoop\/wp-json\/wp\/v2\/types\/post"}],"author":[{"embeddable":true,"href":"http:\/\/www.cudecoop.coop\/cudecoop\/wp-json\/wp\/v2\/users\/27"}],"replies":[{"embeddable":true,"href":"http:\/\/www.cudecoop.coop\/cudecoop\/wp-json\/wp\/v2\/comments?post=3661"}],"version-history":[{"count":1,"href":"http:\/\/www.cudecoop.coop\/cudecoop\/wp-json\/wp\/v2\/posts\/3661\/revisions"}],"predecessor-version":[{"id":3662,"href":"http:\/\/www.cudecoop.coop\/cudecoop\/wp-json\/wp\/v2\/posts\/3661\/revisions\/3662"}],"wp:attachment":[{"href":"http:\/\/www.cudecoop.coop\/cudecoop\/wp-json\/wp\/v2\/media?parent=3661"}],"wp:term":[{"taxonomy":"category","embeddable":true,"href":"http:\/\/www.cudecoop.coop\/cudecoop\/wp-json\/wp\/v2\/categories?post=3661"},{"taxonomy":"post_tag","embeddable":true,"href":"http:\/\/www.cudecoop.coop\/cudecoop\/wp-json\/wp\/v2\/tags?post=3661"}],"curies":[{"name":"wp","href":"https:\/\/api.w.org\/{rel}","templated":true}]}}