{"id":3645,"date":"2021-12-07T17:20:28","date_gmt":"2021-12-07T17:20:28","guid":{"rendered":"http:\/\/www.cudecoop.coop\/cudecoop\/?p=3645"},"modified":"2021-12-07T17:20:28","modified_gmt":"2021-12-07T17:20:28","slug":"cudecoop-se-reune-con-ministro-de-trabajo","status":"publish","type":"post","link":"http:\/\/www.cudecoop.coop\/cudecoop\/cudecoop-se-reune-con-ministro-de-trabajo\/","title":{"rendered":"CUDECOOP se re\u00fane con ministro de Trabajo"},"content":{"rendered":"<p>CUDECOOP se re\u00fane con Ministro de Trabajo para realizar valoraci\u00f3n sobre el avance de sus propuestas program\u00e1ticas en este per\u00edodo de gobierno nacional.<\/p>\n<p><strong>Este mi\u00e9rcoles 8 de diciembre a las 9h, CUDECOOP recibe en la casa del cooperativismo al ministro de Trabajo, Pablo Mieres.<\/strong><\/p>\n<p>La actividad, convocada por el sector cooperativo, busca un intercambio con el mandatario para analizar los&nbsp;<strong>avances y enlentecimiento de decisiones promedian una evaluaci\u00f3n de poco progreso para el sector cooperativo.<\/strong><br \/>\n&nbsp;<br \/>\nAl culminar el encuentro brindaremos un resumen sobre el intercambio realizado.<\/p>\n","protected":false},"excerpt":{"rendered":"<p>CUDECOOP se re\u00fane con Ministro de Trabajo para realizar valoraci\u00f3n sobre el avance de sus propuestas program\u00e1ticas en este per\u00edodo de gobierno nacional. Este mi\u00e9rcoles 8 de diciembre a las 9h, CUDECOOP recibe en la casa del cooperativismo al ministro de Trabajo, Pablo Mieres. La actividad, convocada por el sector cooperativo, busca un intercambio con el mandatario para analizar los&nbsp;avances y enlentecimiento de decisiones promedian una evaluaci\u00f3n de poco progreso para el sector cooperativo.<br \/> &nbsp;<br \/> Al culminar el encuentro brindaremos un resumen sobre el intercambio [&#8230;]<\/p>\n","protected":false},"author":27,"featured_media":3646,"comment_status":"open","ping_status":"open","sticky":false,"template":"","format":"standard","meta":{"_acf_changed":false,"ngg_post_thumbnail":0,"footnotes":""},"categories":[7,6,1],"tags":[],"class_list":["post-3645","post","type-post","status-publish","format-standard","has-post-thumbnail","hentry","category-cooperativas","category-institucionales","category-noticias"],"acf":[],"_links":{"self":[{"href":"http:\/\/www.cudecoop.coop\/cudecoop\/wp-json\/wp\/v2\/posts\/3645","targetHints":{"allow":["GET"]}}],"collection":[{"href":"http:\/\/www.cudecoop.coop\/cudecoop\/wp-json\/wp\/v2\/posts"}],"about":[{"href":"http:\/\/www.cudecoop.coop\/cudecoop\/wp-json\/wp\/v2\/types\/post"}],"author":[{"embeddable":true,"href":"http:\/\/www.cudecoop.coop\/cudecoop\/wp-json\/wp\/v2\/users\/27"}],"replies":[{"embeddable":true,"href":"http:\/\/www.cudecoop.coop\/cudecoop\/wp-json\/wp\/v2\/comments?post=3645"}],"version-history":[{"count":1,"href":"http:\/\/www.cudecoop.coop\/cudecoop\/wp-json\/wp\/v2\/posts\/3645\/revisions"}],"predecessor-version":[{"id":3647,"href":"http:\/\/www.cudecoop.coop\/cudecoop\/wp-json\/wp\/v2\/posts\/3645\/revisions\/3647"}],"wp:featuredmedia":[{"embeddable":true,"href":"http:\/\/www.cudecoop.coop\/cudecoop\/wp-json\/wp\/v2\/media\/3646"}],"wp:attachment":[{"href":"http:\/\/www.cudecoop.coop\/cudecoop\/wp-json\/wp\/v2\/media?parent=3645"}],"wp:term":[{"taxonomy":"category","embeddable":true,"href":"http:\/\/www.cudecoop.coop\/cudecoop\/wp-json\/wp\/v2\/categories?post=3645"},{"taxonomy":"post_tag","embeddable":true,"href":"http:\/\/www.cudecoop.coop\/cudecoop\/wp-json\/wp\/v2\/tags?post=3645"}],"curies":[{"name":"wp","href":"https:\/\/api.w.org\/{rel}","templated":true}]}}