{"id":3642,"date":"2021-12-07T13:49:12","date_gmt":"2021-12-07T13:49:12","guid":{"rendered":"http:\/\/www.cudecoop.coop\/cudecoop\/?p=3642"},"modified":"2021-12-07T14:30:26","modified_gmt":"2021-12-07T14:30:26","slug":"taller-de-reactivacion-economica-la-economia-en-los-territorios","status":"publish","type":"post","link":"http:\/\/www.cudecoop.coop\/cudecoop\/taller-de-reactivacion-economica-la-economia-en-los-territorios\/","title":{"rendered":"Taller de Reactivaci\u00f3n Econ\u00f3mica: la econom\u00eda en los territorios"},"content":{"rendered":"<p>Este jueves 9 de diciembre te invitamos a participar del taller sobre&nbsp; reactivaci\u00f3n econ\u00f3mica: la econom\u00eda en los territorios, con el<br \/>\neconomista Adri\u00e1n Rodr\u00edguez Miranda de Facultad de Ciencias Econ\u00f3micas y de Administraci\u00f3n&nbsp;de la Universidad de la Rep\u00fablica.<\/p>\n<p>La actividad busca incentivar la reflexi\u00f3n prospectiva de las cooperativas a nivel local, identificando fortalezas y oportunidades y potenciar procesos exitosos.<\/p>\n<p>Jueves 9 de diciembre, 18h por zoom.<\/p>\n<div><b>Join Zoom Meeting<\/b><br \/>\n<a href=\"https:\/\/us02web.zoom.us\/j\/88966607011?pwd=SWJUdTlwQ2lzNkJzcGdTVkkxSDZHdz09\" target=\"_blank\" rel=\"noopener\" data-saferedirecturl=\"https:\/\/www.google.com\/url?q=https:\/\/us02web.zoom.us\/j\/88966607011?pwd%3DSWJUdTlwQ2lzNkJzcGdTVkkxSDZHdz09&amp;source=gmail&amp;ust=1638969080880000&amp;usg=AOvVaw2U8zFhp0-A_9gXyB0kvMLM\">https:\/\/us02web.zoom.us\/j\/<wbr>88966607011?pwd=<wbr>SWJUdTlwQ2lzNkJzcGdTVkkxSDZHdz<wbr>09<\/a><br \/>\nMeeting ID: 889 6660 7011<br \/>\nPasscode: 567375<\/div>\n<div>&nbsp;<\/div>\n<p>Actividad de CUDECOOP con apoyo de INEFOP.<\/p>\n","protected":false},"excerpt":{"rendered":"<p>Este jueves 9 de diciembre te invitamos a participar del taller sobre&nbsp; reactivaci\u00f3n econ\u00f3mica: la econom\u00eda en los territorios, con el<br \/> economista Adri\u00e1n Rodr\u00edguez Miranda de Facultad de Ciencias Econ\u00f3micas y de Administraci\u00f3n&nbsp;de la Universidad de la Rep\u00fablica. La actividad busca incentivar la reflexi\u00f3n prospectiva de las cooperativas a nivel local, identificando fortalezas y oportunidades y potenciar procesos exitosos. Jueves 9 de diciembre, 18h por zoom. Join Zoom Meeting<br \/> https:\/\/us02web.zoom.us\/j\/88966607011?pwd=SWJUdTlwQ2lzNkJzcGdTVkkxSDZHdz09<br \/> Meeting ID: 889 6660 7011<br \/> Passcode: 567375 &nbsp; Actividad de CUDECOOP con apoyo de [&#8230;]<\/p>\n","protected":false},"author":27,"featured_media":3643,"comment_status":"open","ping_status":"open","sticky":false,"template":"","format":"standard","meta":{"_acf_changed":false,"ngg_post_thumbnail":0,"footnotes":""},"categories":[7,6,1],"tags":[],"class_list":["post-3642","post","type-post","status-publish","format-standard","has-post-thumbnail","hentry","category-cooperativas","category-institucionales","category-noticias"],"acf":[],"_links":{"self":[{"href":"http:\/\/www.cudecoop.coop\/cudecoop\/wp-json\/wp\/v2\/posts\/3642","targetHints":{"allow":["GET"]}}],"collection":[{"href":"http:\/\/www.cudecoop.coop\/cudecoop\/wp-json\/wp\/v2\/posts"}],"about":[{"href":"http:\/\/www.cudecoop.coop\/cudecoop\/wp-json\/wp\/v2\/types\/post"}],"author":[{"embeddable":true,"href":"http:\/\/www.cudecoop.coop\/cudecoop\/wp-json\/wp\/v2\/users\/27"}],"replies":[{"embeddable":true,"href":"http:\/\/www.cudecoop.coop\/cudecoop\/wp-json\/wp\/v2\/comments?post=3642"}],"version-history":[{"count":1,"href":"http:\/\/www.cudecoop.coop\/cudecoop\/wp-json\/wp\/v2\/posts\/3642\/revisions"}],"predecessor-version":[{"id":3644,"href":"http:\/\/www.cudecoop.coop\/cudecoop\/wp-json\/wp\/v2\/posts\/3642\/revisions\/3644"}],"wp:featuredmedia":[{"embeddable":true,"href":"http:\/\/www.cudecoop.coop\/cudecoop\/wp-json\/wp\/v2\/media\/3643"}],"wp:attachment":[{"href":"http:\/\/www.cudecoop.coop\/cudecoop\/wp-json\/wp\/v2\/media?parent=3642"}],"wp:term":[{"taxonomy":"category","embeddable":true,"href":"http:\/\/www.cudecoop.coop\/cudecoop\/wp-json\/wp\/v2\/categories?post=3642"},{"taxonomy":"post_tag","embeddable":true,"href":"http:\/\/www.cudecoop.coop\/cudecoop\/wp-json\/wp\/v2\/tags?post=3642"}],"curies":[{"name":"wp","href":"https:\/\/api.w.org\/{rel}","templated":true}]}}