{"id":3635,"date":"2021-12-01T15:34:47","date_gmt":"2021-12-01T15:34:47","guid":{"rendered":"http:\/\/www.cudecoop.coop\/cudecoop\/?p=3635"},"modified":"2021-12-01T16:22:17","modified_gmt":"2021-12-01T16:22:17","slug":"se-realizo-el-5to-encuentro-nacional-de-genero-y-cooperativismo","status":"publish","type":"post","link":"http:\/\/www.cudecoop.coop\/cudecoop\/se-realizo-el-5to-encuentro-nacional-de-genero-y-cooperativismo\/","title":{"rendered":"Se realiz\u00f3 el 5to encuentro nacional de g\u00e9nero y cooperativismo"},"content":{"rendered":"<p>El s\u00e1bado 27 de noviembre, se llev\u00f3 a cabo en la ciudad de Mercedes, el&nbsp;5to encuentro nacional de g\u00e9nero y cooperativismo, convocado por la comisi\u00f3n de g\u00e9nero de CUDECOOP.&nbsp;<\/p>\n<p>La apertura de la actividad cont\u00f3 con las palabras y presencia de la presidenta de CUDECOOP, Alicia Maneiro, acompa\u00f1ada por la representante de la Mesa intercooperativa de Soriano, Daniela Haller; la representante de INACOOP, Claudia de Lissio; la presidenta de la Comisi\u00f3n de g\u00e9nero de CUDECOOP, \u00c1ngeles Dati y la secretaria de CUDECOOP, Marisol Fuentes.<\/p>\n<p>En la actividad participaron alrededor de 100 personas, representantes de todas las modalidades cooperativas, y de casi todos los departamentos, quienes trabajaron sobre la incorporaci\u00f3n de la perspectiva de g\u00e9nero en la normativa cooperativa. Experiencias en las autonom\u00eda econ\u00f3mica de las mujeres y reactivaci\u00f3n ante el impacto de la pandemia por COVID-19.<\/p>\n<p>Se cont\u00f3 con experiencias de las federaciones y cooperativas socias, algunas realizaron su presentaci\u00f3n de forma presencial y otras de forma virtual. Al igual que los talleres, se trabajaron de forma paralela, por un lado lo talleres presenciales con quienes estuvieron en Mercedes, y por otro los talleres virtuales con quienes se conectaron por zoom.<\/p>\n<p>Al culminar la actividad se ley\u00f3 la&nbsp;<a href=\"http:\/\/www.cudecoop.coop\/cudecoop\/wp-content\/uploads\/2021\/12\/Declaratoria-Encuentro.pdf\">Declaratoria de la Comisi\u00f3n de G\u00e9nero de CUDECOOP &#8211;<\/a>&nbsp;La cual puede leerse pinchando sobre el enlace.<\/p>\n<p>Aqu\u00ed les compartimos el video de la actividad.&nbsp;<\/p>\n<p><iframe loading=\"lazy\" title=\"Encuentro de G\u00e9nero y Cooperativismismo\" width=\"525\" height=\"295\" src=\"https:\/\/www.youtube.com\/embed\/p-TnQg-rGVE?feature=oembed\" frameborder=\"0\" allow=\"accelerometer; autoplay; clipboard-write; encrypted-media; gyroscope; picture-in-picture; web-share\" referrerpolicy=\"strict-origin-when-cross-origin\" allowfullscreen><\/iframe><\/p>\n","protected":false},"excerpt":{"rendered":"<p>El s\u00e1bado 27 de noviembre, se llev\u00f3 a cabo en la ciudad de Mercedes, el&nbsp;5to encuentro nacional de g\u00e9nero y cooperativismo, convocado por la comisi\u00f3n de g\u00e9nero de CUDECOOP.&nbsp; La apertura de la actividad cont\u00f3 con las palabras y presencia de la presidenta de CUDECOOP, Alicia Maneiro, acompa\u00f1ada por la representante de la Mesa intercooperativa de Soriano, Daniela Haller; la representante de INACOOP, Claudia de Lissio; la presidenta de la Comisi\u00f3n de g\u00e9nero de CUDECOOP, \u00c1ngeles Dati y la secretaria de CUDECOOP, Marisol Fuentes. En la actividad participaron alrededor de 100 personas, representantes de todas las modalidades cooperativas, y de [&#8230;]<\/p>\n","protected":false},"author":27,"featured_media":3638,"comment_status":"open","ping_status":"open","sticky":false,"template":"","format":"standard","meta":{"_acf_changed":false,"ngg_post_thumbnail":0,"footnotes":""},"categories":[7,6,1],"tags":[],"class_list":["post-3635","post","type-post","status-publish","format-standard","has-post-thumbnail","hentry","category-cooperativas","category-institucionales","category-noticias"],"acf":[],"_links":{"self":[{"href":"http:\/\/www.cudecoop.coop\/cudecoop\/wp-json\/wp\/v2\/posts\/3635","targetHints":{"allow":["GET"]}}],"collection":[{"href":"http:\/\/www.cudecoop.coop\/cudecoop\/wp-json\/wp\/v2\/posts"}],"about":[{"href":"http:\/\/www.cudecoop.coop\/cudecoop\/wp-json\/wp\/v2\/types\/post"}],"author":[{"embeddable":true,"href":"http:\/\/www.cudecoop.coop\/cudecoop\/wp-json\/wp\/v2\/users\/27"}],"replies":[{"embeddable":true,"href":"http:\/\/www.cudecoop.coop\/cudecoop\/wp-json\/wp\/v2\/comments?post=3635"}],"version-history":[{"count":3,"href":"http:\/\/www.cudecoop.coop\/cudecoop\/wp-json\/wp\/v2\/posts\/3635\/revisions"}],"predecessor-version":[{"id":3640,"href":"http:\/\/www.cudecoop.coop\/cudecoop\/wp-json\/wp\/v2\/posts\/3635\/revisions\/3640"}],"wp:featuredmedia":[{"embeddable":true,"href":"http:\/\/www.cudecoop.coop\/cudecoop\/wp-json\/wp\/v2\/media\/3638"}],"wp:attachment":[{"href":"http:\/\/www.cudecoop.coop\/cudecoop\/wp-json\/wp\/v2\/media?parent=3635"}],"wp:term":[{"taxonomy":"category","embeddable":true,"href":"http:\/\/www.cudecoop.coop\/cudecoop\/wp-json\/wp\/v2\/categories?post=3635"},{"taxonomy":"post_tag","embeddable":true,"href":"http:\/\/www.cudecoop.coop\/cudecoop\/wp-json\/wp\/v2\/tags?post=3635"}],"curies":[{"name":"wp","href":"https:\/\/api.w.org\/{rel}","templated":true}]}}