{"id":3631,"date":"2021-11-25T14:00:13","date_gmt":"2021-11-25T14:00:13","guid":{"rendered":"http:\/\/www.cudecoop.coop\/cudecoop\/?p=3631"},"modified":"2021-11-25T14:00:13","modified_gmt":"2021-11-25T14:00:13","slug":"comunicado-comision-de-genero-de-la-confederacion-uruguaya-de-entidades-cooperativas","status":"publish","type":"post","link":"http:\/\/www.cudecoop.coop\/cudecoop\/comunicado-comision-de-genero-de-la-confederacion-uruguaya-de-entidades-cooperativas\/","title":{"rendered":"Comunicado &#8211; Comisi\u00f3n de G\u00e9nero de la Confederaci\u00f3n Uruguaya de Entidades Cooperativas"},"content":{"rendered":"<p><strong>#25N<\/strong><\/p>\n<p>Tras una nueva conmemoraci\u00f3n del D\u00eda Internacional para la Eliminaci\u00f3n de la Violencia hacia las mujeres, levantamos nuestra voz y reafirmamos nuestro compromiso con la erradicaci\u00f3n de todas las formas de violencia hacia las mujeres. Seguimos en lucha d\u00eda a d\u00eda para construir organizaciones cooperativas libres de violencia, acoso y discriminaci\u00f3n, con la convicci\u00f3n que desde nuestro esfuerzo construimos otro mundo posible.<\/p>\n<p>Desde el movimiento cooperativo asumimos la relevancia de esta problem\u00e1tica y nos comprometemos con su erradicaci\u00f3n; as\u00ed tambi\u00e9n, exigimos a la sociedad toda y a las instituciones que nos acompa\u00f1en. Sabemos que se requieren m\u00e1s recursos y herramientas para acompa\u00f1ar las denuncias e intervenciones, para continuar sensibilizando y formando a todas las personas en torno a las tem\u00e1ticas de g\u00e9nero y la erradicaci\u00f3n de la violencia, que necesitamos amplificar nuestras voces y profundizar nuestras acciones; para ello, requerimos m\u00e1s recursos, m\u00e1s compromiso de toda la sociedad, mayor cumplimiento a la normativa vigente.<\/p>\n<p>Seguiremos caminando en la visibilizaci\u00f3n y acci\u00f3n en cada espacio, acerc\u00e1ndonos a cada compa\u00f1era, reforzando cada compromiso asumido y construyendo desde la diversidad de nuestro movimiento una sociedad m\u00e1s inclusiva e igualitaria. Pues, como hemos aprendido, para la construcci\u00f3n de una sociedad y una realidad m\u00e1s cooperativa, es imprescindible que m\u00e1s mujeres seamos protagonistas.<\/p>\n<p><em>&nbsp;<\/em><\/p>\n","protected":false},"excerpt":{"rendered":"<p>#25N Tras una nueva conmemoraci\u00f3n del D\u00eda Internacional para la Eliminaci\u00f3n de la Violencia hacia las mujeres, levantamos nuestra voz y reafirmamos nuestro compromiso con la erradicaci\u00f3n de todas las formas de violencia hacia las mujeres. Seguimos en lucha d\u00eda a d\u00eda para construir organizaciones cooperativas libres de violencia, acoso y discriminaci\u00f3n, con la convicci\u00f3n que desde nuestro esfuerzo construimos otro mundo posible. Desde el movimiento cooperativo asumimos la relevancia de esta problem\u00e1tica y nos comprometemos con su erradicaci\u00f3n; as\u00ed tambi\u00e9n, exigimos a la sociedad toda y a las instituciones que nos acompa\u00f1en. Sabemos que se requieren m\u00e1s recursos y [&#8230;]<\/p>\n","protected":false},"author":27,"featured_media":3453,"comment_status":"open","ping_status":"open","sticky":false,"template":"","format":"standard","meta":{"_acf_changed":false,"ngg_post_thumbnail":0,"footnotes":""},"categories":[7,6,1],"tags":[],"class_list":["post-3631","post","type-post","status-publish","format-standard","has-post-thumbnail","hentry","category-cooperativas","category-institucionales","category-noticias"],"acf":[],"_links":{"self":[{"href":"http:\/\/www.cudecoop.coop\/cudecoop\/wp-json\/wp\/v2\/posts\/3631","targetHints":{"allow":["GET"]}}],"collection":[{"href":"http:\/\/www.cudecoop.coop\/cudecoop\/wp-json\/wp\/v2\/posts"}],"about":[{"href":"http:\/\/www.cudecoop.coop\/cudecoop\/wp-json\/wp\/v2\/types\/post"}],"author":[{"embeddable":true,"href":"http:\/\/www.cudecoop.coop\/cudecoop\/wp-json\/wp\/v2\/users\/27"}],"replies":[{"embeddable":true,"href":"http:\/\/www.cudecoop.coop\/cudecoop\/wp-json\/wp\/v2\/comments?post=3631"}],"version-history":[{"count":1,"href":"http:\/\/www.cudecoop.coop\/cudecoop\/wp-json\/wp\/v2\/posts\/3631\/revisions"}],"predecessor-version":[{"id":3632,"href":"http:\/\/www.cudecoop.coop\/cudecoop\/wp-json\/wp\/v2\/posts\/3631\/revisions\/3632"}],"wp:featuredmedia":[{"embeddable":true,"href":"http:\/\/www.cudecoop.coop\/cudecoop\/wp-json\/wp\/v2\/media\/3453"}],"wp:attachment":[{"href":"http:\/\/www.cudecoop.coop\/cudecoop\/wp-json\/wp\/v2\/media?parent=3631"}],"wp:term":[{"taxonomy":"category","embeddable":true,"href":"http:\/\/www.cudecoop.coop\/cudecoop\/wp-json\/wp\/v2\/categories?post=3631"},{"taxonomy":"post_tag","embeddable":true,"href":"http:\/\/www.cudecoop.coop\/cudecoop\/wp-json\/wp\/v2\/tags?post=3631"}],"curies":[{"name":"wp","href":"https:\/\/api.w.org\/{rel}","templated":true}]}}