{"id":3626,"date":"2021-11-18T14:12:27","date_gmt":"2021-11-18T14:12:27","guid":{"rendered":"http:\/\/www.cudecoop.coop\/cudecoop\/?p=3626"},"modified":"2021-11-25T14:25:36","modified_gmt":"2021-11-25T14:25:36","slug":"5to-encuentro-nacional-de-genero-en-mercedes","status":"publish","type":"post","link":"http:\/\/www.cudecoop.coop\/cudecoop\/5to-encuentro-nacional-de-genero-en-mercedes\/","title":{"rendered":"5to encuentro nacional de g\u00e9nero en Mercedes"},"content":{"rendered":"<p>En el marco de Mercedes capital nacional de cooperativismo, el pr\u00f3ximo s\u00e1bado 27 de noviembre, se realiza el 5to encuentro nacional de g\u00e9nero y cooperativismo.&nbsp;<\/p>\n<p>El encuentro est\u00e1 dirigido a cooperativistas de todo el pa\u00eds, y se puede participar de forma presencial o virtual.<\/p>\n<p>S\u00e1bado 27 de noviembre de 9 a 14h, en calle Rod\u00f3 645 (Mercedes, Soriano).&nbsp;<\/p>\n<p>Para participar te invitamos a inscribirte en el siguiente formulario:<\/p>\n<p>https:\/\/forms.gle\/TcrafuMqTAeemdpH9<\/p>\n<p>&nbsp;<\/p>\n<p>Compartimos el programa de la actividad:&nbsp;<\/p>\n<p><a href=\"http:\/\/www.cudecoop.coop\/cudecoop\/wp-content\/uploads\/2021\/11\/Programa-5to-Encuentro-Nacional-de-Ge\u0301nero-y-Cooperativismo-1.pdf\">Programa &#8211; 5to Encuentro Nacional de Ge\u0301nero y Cooperativismo <\/a><\/p>\n","protected":false},"excerpt":{"rendered":"<p>En el marco de Mercedes capital nacional de cooperativismo, el pr\u00f3ximo s\u00e1bado 27 de noviembre, se realiza el 5to encuentro nacional de g\u00e9nero y cooperativismo.&nbsp; El encuentro est\u00e1 dirigido a cooperativistas de todo el pa\u00eds, y se puede participar de forma presencial o virtual. S\u00e1bado 27 de noviembre de 9 a 14h, en calle Rod\u00f3 645 (Mercedes, Soriano).&nbsp; Para participar te invitamos a inscribirte en el siguiente formulario: https:\/\/forms.gle\/TcrafuMqTAeemdpH9 &nbsp; Compartimos el programa de la actividad:&nbsp; Programa &#8211; 5to Encuentro Nacional de Ge\u0301nero y [&#8230;]<\/p>\n","protected":false},"author":27,"featured_media":3627,"comment_status":"open","ping_status":"open","sticky":false,"template":"","format":"standard","meta":{"_acf_changed":false,"ngg_post_thumbnail":0,"footnotes":""},"categories":[7,6,1],"tags":[],"class_list":["post-3626","post","type-post","status-publish","format-standard","has-post-thumbnail","hentry","category-cooperativas","category-institucionales","category-noticias"],"acf":[],"_links":{"self":[{"href":"http:\/\/www.cudecoop.coop\/cudecoop\/wp-json\/wp\/v2\/posts\/3626","targetHints":{"allow":["GET"]}}],"collection":[{"href":"http:\/\/www.cudecoop.coop\/cudecoop\/wp-json\/wp\/v2\/posts"}],"about":[{"href":"http:\/\/www.cudecoop.coop\/cudecoop\/wp-json\/wp\/v2\/types\/post"}],"author":[{"embeddable":true,"href":"http:\/\/www.cudecoop.coop\/cudecoop\/wp-json\/wp\/v2\/users\/27"}],"replies":[{"embeddable":true,"href":"http:\/\/www.cudecoop.coop\/cudecoop\/wp-json\/wp\/v2\/comments?post=3626"}],"version-history":[{"count":2,"href":"http:\/\/www.cudecoop.coop\/cudecoop\/wp-json\/wp\/v2\/posts\/3626\/revisions"}],"predecessor-version":[{"id":3634,"href":"http:\/\/www.cudecoop.coop\/cudecoop\/wp-json\/wp\/v2\/posts\/3626\/revisions\/3634"}],"wp:featuredmedia":[{"embeddable":true,"href":"http:\/\/www.cudecoop.coop\/cudecoop\/wp-json\/wp\/v2\/media\/3627"}],"wp:attachment":[{"href":"http:\/\/www.cudecoop.coop\/cudecoop\/wp-json\/wp\/v2\/media?parent=3626"}],"wp:term":[{"taxonomy":"category","embeddable":true,"href":"http:\/\/www.cudecoop.coop\/cudecoop\/wp-json\/wp\/v2\/categories?post=3626"},{"taxonomy":"post_tag","embeddable":true,"href":"http:\/\/www.cudecoop.coop\/cudecoop\/wp-json\/wp\/v2\/tags?post=3626"}],"curies":[{"name":"wp","href":"https:\/\/api.w.org\/{rel}","templated":true}]}}