{"id":3621,"date":"2021-11-17T18:18:31","date_gmt":"2021-11-17T18:18:31","guid":{"rendered":"http:\/\/www.cudecoop.coop\/cudecoop\/?p=3621"},"modified":"2021-11-17T18:18:31","modified_gmt":"2021-11-17T18:18:31","slug":"mtss-dispuso-el-archivo-de-la-investigacion-administrativa-en-inefop-al-no-encontrar-faltas-en-la-gestion","status":"publish","type":"post","link":"http:\/\/www.cudecoop.coop\/cudecoop\/mtss-dispuso-el-archivo-de-la-investigacion-administrativa-en-inefop-al-no-encontrar-faltas-en-la-gestion\/","title":{"rendered":"MTSS dispuso el archivo de la investigaci\u00f3n administrativa en INEFOP, al no encontrar faltas en la gesti\u00f3n"},"content":{"rendered":"<p>El Ministerio de Trabajo y Seguridad Social emiti\u00f3 la resoluci\u00f3n que absuelve de incumplimientos a Inefop, en el cual estaba comprometido tambi\u00e9n nuestro sector al integrar la representaci\u00f3n de la econom\u00eda social.&nbsp;<\/p>\n<p>Por resoluci\u00f3n del MTSS, en marzo de 2021 se inici\u00f3 una investigaci\u00f3n administrativa en el Instituto Nacional de Formaci\u00f3n Profesional (INEFOP). En la investigaci\u00f3n se buscaba determinar la existencia de incumplimientos o violaci\u00f3n de la normativa del mismo.&nbsp;<\/p>\n<p>Finalmente el Ministerio resuelve a m\u00e9rito de la no existencia de tales apreciaciones, archivar las actuaciones.&nbsp;<\/p>\n<p>Desde CUDECOOP destacamos el compromiso y transparencia del movimiento cooperativo en este proceso, mostrando siempre la apertura necesaria para la tarea de fiscalizaci\u00f3n y saludamos el hecho que quede demostrado que no hubo mal accionar.<\/p>\n<p>Dejamos la documentaci\u00f3n a disposici\u00f3n.&nbsp;<\/p>\n<p><a href=\"http:\/\/www.cudecoop.coop\/cudecoop\/wp-content\/uploads\/2021\/11\/Resolucion-462.pdf\">Resolucion 462<\/a><\/p>\n<p><a href=\"http:\/\/www.cudecoop.coop\/cudecoop\/wp-content\/uploads\/2021\/11\/Informe-Letrado.pdf\">Informe Letrado<\/a><\/p>\n","protected":false},"excerpt":{"rendered":"<p>El Ministerio de Trabajo y Seguridad Social emiti\u00f3 la resoluci\u00f3n que absuelve de incumplimientos a Inefop, en el cual estaba comprometido tambi\u00e9n nuestro sector al integrar la representaci\u00f3n de la econom\u00eda social.&nbsp; Por resoluci\u00f3n del MTSS, en marzo de 2021 se inici\u00f3 una investigaci\u00f3n administrativa en el Instituto Nacional de Formaci\u00f3n Profesional (INEFOP). En la investigaci\u00f3n se buscaba determinar la existencia de incumplimientos o violaci\u00f3n de la normativa del mismo.&nbsp; Finalmente el Ministerio resuelve a m\u00e9rito de la no existencia de tales apreciaciones, archivar las actuaciones.&nbsp; Desde CUDECOOP destacamos el compromiso y transparencia del movimiento cooperativo en este proceso, mostrando [&#8230;]<\/p>\n","protected":false},"author":27,"featured_media":0,"comment_status":"open","ping_status":"open","sticky":false,"template":"","format":"standard","meta":{"_acf_changed":false,"ngg_post_thumbnail":0,"footnotes":""},"categories":[7,6,1],"tags":[],"class_list":["post-3621","post","type-post","status-publish","format-standard","hentry","category-cooperativas","category-institucionales","category-noticias"],"acf":[],"_links":{"self":[{"href":"http:\/\/www.cudecoop.coop\/cudecoop\/wp-json\/wp\/v2\/posts\/3621","targetHints":{"allow":["GET"]}}],"collection":[{"href":"http:\/\/www.cudecoop.coop\/cudecoop\/wp-json\/wp\/v2\/posts"}],"about":[{"href":"http:\/\/www.cudecoop.coop\/cudecoop\/wp-json\/wp\/v2\/types\/post"}],"author":[{"embeddable":true,"href":"http:\/\/www.cudecoop.coop\/cudecoop\/wp-json\/wp\/v2\/users\/27"}],"replies":[{"embeddable":true,"href":"http:\/\/www.cudecoop.coop\/cudecoop\/wp-json\/wp\/v2\/comments?post=3621"}],"version-history":[{"count":1,"href":"http:\/\/www.cudecoop.coop\/cudecoop\/wp-json\/wp\/v2\/posts\/3621\/revisions"}],"predecessor-version":[{"id":3624,"href":"http:\/\/www.cudecoop.coop\/cudecoop\/wp-json\/wp\/v2\/posts\/3621\/revisions\/3624"}],"wp:attachment":[{"href":"http:\/\/www.cudecoop.coop\/cudecoop\/wp-json\/wp\/v2\/media?parent=3621"}],"wp:term":[{"taxonomy":"category","embeddable":true,"href":"http:\/\/www.cudecoop.coop\/cudecoop\/wp-json\/wp\/v2\/categories?post=3621"},{"taxonomy":"post_tag","embeddable":true,"href":"http:\/\/www.cudecoop.coop\/cudecoop\/wp-json\/wp\/v2\/tags?post=3621"}],"curies":[{"name":"wp","href":"https:\/\/api.w.org\/{rel}","templated":true}]}}