{"id":3617,"date":"2021-11-10T16:08:22","date_gmt":"2021-11-10T16:08:22","guid":{"rendered":"http:\/\/www.cudecoop.coop\/cudecoop\/?p=3617"},"modified":"2022-02-18T20:23:16","modified_gmt":"2022-02-18T20:23:16","slug":"el-sector-cooperativo-realiza-valoracion-sobre-el-avance-de-sus-propuestas-programaticas-en-este-periodo-de-gobierno-nacional","status":"publish","type":"post","link":"http:\/\/www.cudecoop.coop\/cudecoop\/el-sector-cooperativo-realiza-valoracion-sobre-el-avance-de-sus-propuestas-programaticas-en-este-periodo-de-gobierno-nacional\/","title":{"rendered":"El sector cooperativo realiza valoraci\u00f3n sobre el avance de sus propuestas program\u00e1ticas en este per\u00edodo de gobierno nacional"},"content":{"rendered":"<p>Comunicado de prensa<\/p>\n<p><strong>Avances y enlentecimiento de decisiones promedian una evaluaci\u00f3n de poco progreso para el sector cooperativo<\/strong><\/p>\n<hr>\n<p>A partir de la iniciativa del cooperativismo organizado en la Confederaci\u00f3n Uruguaya de Cooperativas, CUDECOOP, las organizaciones gremiales del sector realizaron una evaluaci\u00f3n sobre las pol\u00edticas vinculadas al mismo donde encontraron en este per\u00edodo algunos avances y tambi\u00e9n estancamientos.<\/p>\n<p>En 2019 las gremiales cooperativas presentaron sus propuestas program\u00e1ticas a quienes disputaban la presidencia de la Rep\u00fablica, all\u00ed est\u00e1n planteados los desaf\u00edos para el per\u00edodo 2020 \u2013 2025 respecto a los avances necesarios en t\u00e9rminos de pol\u00edtica p\u00fablica para el desarrollo del sistema cooperativo.<\/p>\n<p><a href=\"http:\/\/www.cudecoop.coop\/cudecoop\/wp-content\/uploads\/2019\/08\/Propuestas_Program%C3%A1ticas_CUDECOOP_2019.pdf\">VER AQU\u00cd LAS PROPUESTAS PROGRAM\u00c1TICAS COMPLETAS<\/a><\/p>\n<p><a href=\"http:\/\/www.cudecoop.coop\/cudecoop\/wp-content\/uploads\/2019\/08\/Propuestas-del-cooperativismo-en-9-ideas.pdf\">VER RESUMEN<\/a><\/p>\n<p>Habiendo transcurrido aproximadamente dos a\u00f1os de gesti\u00f3n del nuevo gobierno, el movimiento cooperativo realiz\u00f3 las primeras valoraciones respecto a las metas all\u00ed se\u00f1aladas.<\/p>\n<p>&nbsp;<\/p>\n<p><span style=\"color: #000080;\">Desaf\u00edos generales&nbsp;<\/span><\/p>\n<p><strong>Transformar de manera efectiva el sentir expresado por todos los partidos pol\u00edticos cuando aprobaran la Ley 18.407 que regula al conjunto del sistema cooperativo<\/strong><\/p>\n<p>Una pol\u00edtica de Estado, requiere en primer lugar, reconocer de manera sistem\u00e1tica la identidad de las organizaciones del Movimiento, y su potencial para la construcci\u00f3n de un desarrollo sostenible del Uruguay. Las alternativas para la salida post-pandemia no est\u00e1n realizando una apuesta decidida por el desarrollo de la cooperaci\u00f3n y econom\u00eda social. Reconstruir mejor juntos requiere una apuesta firme por el Tercer Sector.<\/p>\n<p>&nbsp;<\/p>\n<p><strong>Necesidad de profundizar la coordinaci\u00f3n de las pol\u00edticas orientadas al sector<\/strong><\/p>\n<p>As\u00ed como jerarquizar el rol de conducci\u00f3n y coordinaci\u00f3n de las pol\u00edticas por el Instituto Nacional del Cooperativismo. Lejos de avanzar hacia un Gabinete de la Econom\u00eda Social, se discontinu\u00f3 el espacio de participaci\u00f3n del movimiento cooperativo en el Sistema Nacional de Transformaci\u00f3n Productiva y Competitividad, donde se interactuaba con los principales ejecutores p\u00fablicos y principales entidades de representaci\u00f3n social, en el dise\u00f1o y cogesti\u00f3n de las pol\u00edticas para el desarrollo. En particular se ve como un retroceso la inactivaci\u00f3n del Comit\u00e9 de Desarrollo Empresarial de la Econom\u00eda Social, donde CUDECOOP junto a INACOOP, contaban con un espacio de coordinaci\u00f3n con INEFOP, OPP, MGAP, MIEM, ANDE, LATU, entre otros.<\/p>\n<p>&nbsp;<\/p>\n<p><strong>Se visualizan con preocupaci\u00f3n procesos de debilitamiento, como el del Programa de Formaci\u00f3n Cooperativo (PROCOOP)<\/strong><\/p>\n<p>Se pasa de un pol\u00edtica compartida de dos institutos asociados al Ministerio de Trabajo, a un r\u00e9gimen de fondos concursables, con una importante reducci\u00f3n en recursos, as\u00ed como con una fuerte precarizaci\u00f3n de la previsibilidad a largo plazo de la herramienta al recortarse los plazos de los acuerdos entre INEFOP e INACOOP.<\/p>\n<p>&nbsp;<\/p>\n<p><strong>No se logra avanzar con respecto a la asignaci\u00f3n del voto, como las dem\u00e1s representaciones sociales, en el INEFOP<\/strong><\/p>\n<p>Demanda de larga data del Movimiento, as\u00ed como su incorporaci\u00f3n, al menos como observador, en el Consejo Superior de Trabajo.<\/p>\n<p>&nbsp;<\/p>\n<p><strong>Se mantiene apreciado v\u00ednculo con INACOOP<\/strong><\/p>\n<p>Contando con la relevancia que representan para el Movimiento los acuerdos de fortalecimiento gremial, de desarrollo cooperativo territorial, as\u00ed como la apuesta por la intercooperaci\u00f3n que se destaca en la iniciativa de SICOOP.<\/p>\n<p>&nbsp;<\/p>\n<p><strong>Positivo el compromiso MIEM de continuar con una agenda espec\u00edfica para las cooperativas<\/strong><\/p>\n<p>Sea a trav\u00e9s de su apoyo a la Incubadora de Cooperativas en sectores intensivos en innovaci\u00f3n y conocimiento, sea en las convocatorias de financiamiento o cofinanciamiento a proyectos del sector.<\/p>\n<p>&nbsp;<\/p>\n<p><strong>Preocupa la cuasi paralizaci\u00f3n del financiamiento al sistema cooperativo de vivienda<\/strong><\/p>\n<p>Falta de claridad respecto a la proyecci\u00f3n para el resto del per\u00edodo de gobierno, siendo la mejor y m\u00e1s eficiente alternativa para el acceso a la vivienda digna de miles de familias que no cuentan con ninguna otra alternativa comparable en t\u00e9rminos de costo y calidad.<\/p>\n<p>&nbsp;<\/p>\n<p><strong>Preocupa la falta de claridad sobre la pol\u00edtica de inclusi\u00f3n socio-laboral a trav\u00e9s de las cooperativas sociales<\/strong><\/p>\n<p>Fueron seriamente afectadas por los mensajes que recibieron o interpretaron muchos de los entes p\u00fablicos clave en la contrataci\u00f3n de estos emprendimientos. Aunque en estos \u00faltimos meses esta orientaci\u00f3n parece corregirse, a partir del convenio firmado entre MIDES e INACOOP, ser\u00e1 necesario hacer una evaluaci\u00f3n a mediano plazo sobre el impacto de las nuevas orientaciones de pol\u00edtica hacia este subsector.<\/p>\n<p>&nbsp;<\/p>\n<p>El reciente informe sobre EMPLEO EN COOPERATIVAS Y SOCIEDADES DE FOMENTO RURAL SEG\u00daN REGISTROS OFICIALES del MTSS e INACOOP, (URUGUAY 2019-2020) demuestra que las cooperativas logran mantener e incluso aumentar los puestos de trabajo, a\u00fan en plena pandemia. Otra vez se hace evidente la resiliencia del sector, y la importancia estrat\u00e9gica para el pa\u00eds de una apuesta decidida a su promoci\u00f3n y financiamiento a mayor escala, para una mejor reconstrucci\u00f3n post-covid.<\/p>\n<p>&nbsp;<\/p>\n","protected":false},"excerpt":{"rendered":"<p>Comunicado de prensa Avances y enlentecimiento de decisiones promedian una evaluaci\u00f3n de poco progreso para el sector cooperativo A partir de la iniciativa del cooperativismo organizado en la Confederaci\u00f3n Uruguaya de Cooperativas, CUDECOOP, las organizaciones gremiales del sector realizaron una evaluaci\u00f3n sobre las pol\u00edticas vinculadas al mismo donde encontraron en este per\u00edodo algunos avances y tambi\u00e9n estancamientos. En 2019 las gremiales cooperativas presentaron sus propuestas program\u00e1ticas a quienes disputaban la presidencia de la Rep\u00fablica, all\u00ed est\u00e1n planteados los desaf\u00edos para el per\u00edodo 2020 \u2013 2025 respecto a los avances necesarios en t\u00e9rminos de pol\u00edtica p\u00fablica para el desarrollo del sistema [&#8230;]<\/p>\n","protected":false},"author":27,"featured_media":3629,"comment_status":"open","ping_status":"open","sticky":false,"template":"","format":"standard","meta":{"_acf_changed":false,"ngg_post_thumbnail":0,"footnotes":""},"categories":[7,6,1],"tags":[],"class_list":["post-3617","post","type-post","status-publish","format-standard","has-post-thumbnail","hentry","category-cooperativas","category-institucionales","category-noticias"],"acf":[],"_links":{"self":[{"href":"http:\/\/www.cudecoop.coop\/cudecoop\/wp-json\/wp\/v2\/posts\/3617","targetHints":{"allow":["GET"]}}],"collection":[{"href":"http:\/\/www.cudecoop.coop\/cudecoop\/wp-json\/wp\/v2\/posts"}],"about":[{"href":"http:\/\/www.cudecoop.coop\/cudecoop\/wp-json\/wp\/v2\/types\/post"}],"author":[{"embeddable":true,"href":"http:\/\/www.cudecoop.coop\/cudecoop\/wp-json\/wp\/v2\/users\/27"}],"replies":[{"embeddable":true,"href":"http:\/\/www.cudecoop.coop\/cudecoop\/wp-json\/wp\/v2\/comments?post=3617"}],"version-history":[{"count":1,"href":"http:\/\/www.cudecoop.coop\/cudecoop\/wp-json\/wp\/v2\/posts\/3617\/revisions"}],"predecessor-version":[{"id":3618,"href":"http:\/\/www.cudecoop.coop\/cudecoop\/wp-json\/wp\/v2\/posts\/3617\/revisions\/3618"}],"wp:featuredmedia":[{"embeddable":true,"href":"http:\/\/www.cudecoop.coop\/cudecoop\/wp-json\/wp\/v2\/media\/3629"}],"wp:attachment":[{"href":"http:\/\/www.cudecoop.coop\/cudecoop\/wp-json\/wp\/v2\/media?parent=3617"}],"wp:term":[{"taxonomy":"category","embeddable":true,"href":"http:\/\/www.cudecoop.coop\/cudecoop\/wp-json\/wp\/v2\/categories?post=3617"},{"taxonomy":"post_tag","embeddable":true,"href":"http:\/\/www.cudecoop.coop\/cudecoop\/wp-json\/wp\/v2\/tags?post=3617"}],"curies":[{"name":"wp","href":"https:\/\/api.w.org\/{rel}","templated":true}]}}