{"id":3613,"date":"2021-11-03T13:52:11","date_gmt":"2021-11-03T13:52:11","guid":{"rendered":"http:\/\/www.cudecoop.coop\/cudecoop\/?p=3613"},"modified":"2021-11-03T16:06:54","modified_gmt":"2021-11-03T16:06:54","slug":"cooperativistas-de-todo-el-pais-se-reunieron-en-soriano","status":"publish","type":"post","link":"http:\/\/www.cudecoop.coop\/cudecoop\/cooperativistas-de-todo-el-pais-se-reunieron-en-soriano\/","title":{"rendered":"Cooperativistas de todo el pa\u00eds se reunieron en Soriano"},"content":{"rendered":"<p>El s\u00e1bado 30 de octubre, se llev\u00f3 a cabo el encuentro intercooperativo 2021 en la Unidad Cooperaria n\u00b01, Colol\u00f3, a cargo de CUDECOOP e INACOOP en el marco del Proyecto de Desarrollo Cooperativo Territorial.&nbsp;<\/p>\n<p>Estuvo presente previo al inicio de la actividad el Intendente del departamento Guillermo Besozzi, y para dar comienzo al encuentro participaron el director de Inacoop, Juan Amaro, la presidenta de Cudeocoop, Alicia Maneiro, y representantes de la nueva Mesa intercooperativa de Soriano quienes dejaron inaugurada la misma en el comienzo de la actividad.&nbsp;&nbsp;<\/p>\n<p>Fueron alrededor de 200 personas de todos los Departamentos que se hicieron presentes en el encuentro, junto a las autoridades de las organizaciones cooperativas, y las de instituciones part\u00edcipes de Mercedes capital nacional del cooperativismo 2021, para trabajar en talleres y establecer los intereses e inquietudes de sus cooperativas para construir el camino hacia el futuro.&nbsp;<\/p>\n<p>Adem\u00e1s,&nbsp;FCPU otorg\u00f3 un reconocimiento especial a la Unidad Cooperaria n\u00b0 Colol\u00f3, por su compromiso, ejemplo y trabajo en el movimiento cooperativo.&nbsp;<\/p>\n<p>En el encuentro se cont\u00f3 con las exposiciones de:<\/p>\n<p><strong>CUDECOOP<\/strong> \u2013 Informe de Situaci\u00f3n General desde la Gremial (cambio<br \/>\nde gobierno, cambios en Pol\u00edticas P\u00fablicas, pandemia, gestiones a<br \/>\nnivel legislativo, principales desaf\u00edos por Clase) \u2013 a cargo de Stefan\u00eda Silveyra.&nbsp;<\/p>\n<p><strong>FCPU<\/strong> \u2013 Prioridades y acciones desarrolladas frente a los desaf\u00edos del<br \/>\ntrabajo: Compras p\u00fablicas; unidad de negocios FCPU; proyecto de ley<br \/>\ncap\u00edtulo de Cooperativas Sociales; experiencias de integraci\u00f3n y<br \/>\nprioridades territoriales \u2013 a cargo de Marisol Fuentes<\/p>\n<p><strong>Tierra que anda<\/strong> &#8211; sobre trabajo y juventud<\/p>\n<p>Trabajo y G\u00e9nero (Cambios en la Ley General y protocolo FCPU) \u2013<br \/>\n<strong>Comisi\u00f3n de G\u00e9nero de FCPU<\/strong><\/p>\n<p><strong>Presentaci\u00f3n del proyecto Uni\u00f3n Europea<\/strong> &#8211;&nbsp; a cargo del coordinador del proyecto, Alejandro Pizzol\u00f3n<\/p>\n<p><strong>Negociaci\u00f3n Colectiva<\/strong> \u2013 a cargo de Pablo Guerra<\/p>\n<p>&nbsp;<\/p>\n<p>El pr\u00f3ximo s\u00e1bado 27 de noviembre se realizar\u00e1 el encuentro nacional de g\u00e9nero.<\/p>\n","protected":false},"excerpt":{"rendered":"<p>El s\u00e1bado 30 de octubre, se llev\u00f3 a cabo el encuentro intercooperativo 2021 en la Unidad Cooperaria n\u00b01, Colol\u00f3, a cargo de CUDECOOP e INACOOP en el marco del Proyecto de Desarrollo Cooperativo Territorial.&nbsp; Estuvo presente previo al inicio de la actividad el Intendente del departamento Guillermo Besozzi, y para dar comienzo al encuentro participaron el director de Inacoop, Juan Amaro, la presidenta de Cudeocoop, Alicia Maneiro, y representantes de la nueva Mesa intercooperativa de Soriano quienes dejaron inaugurada la misma en el comienzo de la actividad.&nbsp;&nbsp; Fueron alrededor de 200 personas de todos los Departamentos que se hicieron presentes [&#8230;]<\/p>\n","protected":false},"author":27,"featured_media":3615,"comment_status":"open","ping_status":"open","sticky":false,"template":"","format":"standard","meta":{"_acf_changed":false,"ngg_post_thumbnail":0,"footnotes":""},"categories":[7,6,1],"tags":[],"class_list":["post-3613","post","type-post","status-publish","format-standard","has-post-thumbnail","hentry","category-cooperativas","category-institucionales","category-noticias"],"acf":[],"_links":{"self":[{"href":"http:\/\/www.cudecoop.coop\/cudecoop\/wp-json\/wp\/v2\/posts\/3613","targetHints":{"allow":["GET"]}}],"collection":[{"href":"http:\/\/www.cudecoop.coop\/cudecoop\/wp-json\/wp\/v2\/posts"}],"about":[{"href":"http:\/\/www.cudecoop.coop\/cudecoop\/wp-json\/wp\/v2\/types\/post"}],"author":[{"embeddable":true,"href":"http:\/\/www.cudecoop.coop\/cudecoop\/wp-json\/wp\/v2\/users\/27"}],"replies":[{"embeddable":true,"href":"http:\/\/www.cudecoop.coop\/cudecoop\/wp-json\/wp\/v2\/comments?post=3613"}],"version-history":[{"count":2,"href":"http:\/\/www.cudecoop.coop\/cudecoop\/wp-json\/wp\/v2\/posts\/3613\/revisions"}],"predecessor-version":[{"id":3616,"href":"http:\/\/www.cudecoop.coop\/cudecoop\/wp-json\/wp\/v2\/posts\/3613\/revisions\/3616"}],"wp:featuredmedia":[{"embeddable":true,"href":"http:\/\/www.cudecoop.coop\/cudecoop\/wp-json\/wp\/v2\/media\/3615"}],"wp:attachment":[{"href":"http:\/\/www.cudecoop.coop\/cudecoop\/wp-json\/wp\/v2\/media?parent=3613"}],"wp:term":[{"taxonomy":"category","embeddable":true,"href":"http:\/\/www.cudecoop.coop\/cudecoop\/wp-json\/wp\/v2\/categories?post=3613"},{"taxonomy":"post_tag","embeddable":true,"href":"http:\/\/www.cudecoop.coop\/cudecoop\/wp-json\/wp\/v2\/tags?post=3613"}],"curies":[{"name":"wp","href":"https:\/\/api.w.org\/{rel}","templated":true}]}}