{"id":3595,"date":"2021-10-05T14:37:20","date_gmt":"2021-10-05T14:37:20","guid":{"rendered":"http:\/\/www.cudecoop.coop\/cudecoop\/?p=3595"},"modified":"2021-10-05T14:37:20","modified_gmt":"2021-10-05T14:37:20","slug":"nueva-etapa-para-el-curso-de-negociacion-colectiva","status":"publish","type":"post","link":"http:\/\/www.cudecoop.coop\/cudecoop\/nueva-etapa-para-el-curso-de-negociacion-colectiva\/","title":{"rendered":"Nueva etapa para el curso de negociaci\u00f3n colectiva"},"content":{"rendered":"<p>A partir del jueves 7 y hasta el 28 de octubre, el curso de negociaci\u00f3n colectiva para cooperativas y organizaciones de la econom\u00eda social pasan a dictarse dos clases por d\u00eda y en forma simult\u00e1nea.&nbsp;<\/p>\n<p style=\"font-weight: 400;\">Los procesos de negociaci\u00f3n y las relaciones laborales, tienen particularidades propias, seg\u00fan se trate de cooperativas de&nbsp;<strong><u>TRABAJO<\/u><\/strong>&nbsp;o Cooperativas de&nbsp;<strong><u>USUARIOS<\/u><\/strong>&nbsp;(vivienda, consumo, ahorro y cr\u00e9dito, etc.).<\/p>\n<p>Durante este mes, quienes participen deben optar por una de las dos modalidades, de todas maneras, podr\u00e1n contar con las clases grabadas de las dos modalidades.&nbsp;<\/p>\n<p>Se mantienen los mismos d\u00edas y horarios: jueves de octubre a las 18h.-<\/p>\n<p>Si todav\u00eda no te has inscrito, lo podes hacer en este enlace:&nbsp;https:\/\/forms.gle\/yTarKC9qbujfQsMWA<\/p>\n<p>Las clases para cooperativas de trabajo, est\u00e1n a cargo del Dr. Sergio Reyes<\/p>\n<p style=\"font-weight: 400;\"><strong>D\u00eda:&nbsp; &nbsp;Jueves 7 de octubre<\/strong><\/p>\n<p style=\"font-weight: 400;\"><strong>Hora:&nbsp; 18 a 19.30<\/strong><\/p>\n<p><iframe loading=\"lazy\" title=\"Relaciones Laborales en Cooperativas de Trabajo\" width=\"525\" height=\"295\" src=\"https:\/\/www.youtube.com\/embed\/i2A4ZKi01AM?feature=oembed\" frameborder=\"0\" allow=\"accelerometer; autoplay; clipboard-write; encrypted-media; gyroscope; picture-in-picture; web-share\" referrerpolicy=\"strict-origin-when-cross-origin\" allowfullscreen><\/iframe><\/p>\n<p style=\"font-weight: 400;\">Las clases para cooperativas de usuarios, est\u00e1n a cargo del Dr. Alfredo Lamenza<\/p>\n<p><iframe loading=\"lazy\" title=\"Relaciones laborales en Cooperativas de Usuarios y Productores\" width=\"525\" height=\"295\" src=\"https:\/\/www.youtube.com\/embed\/UPCQSjzmKPk?feature=oembed\" frameborder=\"0\" allow=\"accelerometer; autoplay; clipboard-write; encrypted-media; gyroscope; picture-in-picture; web-share\" referrerpolicy=\"strict-origin-when-cross-origin\" allowfullscreen><\/iframe><\/p>\n<p style=\"font-weight: 400;\"><strong>D\u00eda:&nbsp; &nbsp;Jueves 7 de octubre<\/strong><\/p>\n<p style=\"font-weight: 400;\"><strong>Hora:&nbsp; 18 a 19.30<\/strong><\/p>\n","protected":false},"excerpt":{"rendered":"<p>A partir del jueves 7 y hasta el 28 de octubre, el curso de negociaci\u00f3n colectiva para cooperativas y organizaciones de la econom\u00eda social pasan a dictarse dos clases por d\u00eda y en forma simult\u00e1nea.&nbsp; Los procesos de negociaci\u00f3n y las relaciones laborales, tienen particularidades propias, seg\u00fan se trate de cooperativas de&nbsp;TRABAJO&nbsp;o Cooperativas de&nbsp;USUARIOS&nbsp;(vivienda, consumo, ahorro y cr\u00e9dito, etc.). Durante este mes, quienes participen deben optar por una de las dos modalidades, de todas maneras, podr\u00e1n contar con las clases grabadas de las dos modalidades.&nbsp; Se mantienen los mismos d\u00edas y horarios: jueves de octubre a las 18h.- Si todav\u00eda [&#8230;]<\/p>\n","protected":false},"author":27,"featured_media":0,"comment_status":"open","ping_status":"open","sticky":false,"template":"","format":"standard","meta":{"_acf_changed":false,"ngg_post_thumbnail":0,"footnotes":""},"categories":[7,6,1],"tags":[],"class_list":["post-3595","post","type-post","status-publish","format-standard","hentry","category-cooperativas","category-institucionales","category-noticias"],"acf":[],"_links":{"self":[{"href":"http:\/\/www.cudecoop.coop\/cudecoop\/wp-json\/wp\/v2\/posts\/3595","targetHints":{"allow":["GET"]}}],"collection":[{"href":"http:\/\/www.cudecoop.coop\/cudecoop\/wp-json\/wp\/v2\/posts"}],"about":[{"href":"http:\/\/www.cudecoop.coop\/cudecoop\/wp-json\/wp\/v2\/types\/post"}],"author":[{"embeddable":true,"href":"http:\/\/www.cudecoop.coop\/cudecoop\/wp-json\/wp\/v2\/users\/27"}],"replies":[{"embeddable":true,"href":"http:\/\/www.cudecoop.coop\/cudecoop\/wp-json\/wp\/v2\/comments?post=3595"}],"version-history":[{"count":1,"href":"http:\/\/www.cudecoop.coop\/cudecoop\/wp-json\/wp\/v2\/posts\/3595\/revisions"}],"predecessor-version":[{"id":3596,"href":"http:\/\/www.cudecoop.coop\/cudecoop\/wp-json\/wp\/v2\/posts\/3595\/revisions\/3596"}],"wp:attachment":[{"href":"http:\/\/www.cudecoop.coop\/cudecoop\/wp-json\/wp\/v2\/media?parent=3595"}],"wp:term":[{"taxonomy":"category","embeddable":true,"href":"http:\/\/www.cudecoop.coop\/cudecoop\/wp-json\/wp\/v2\/categories?post=3595"},{"taxonomy":"post_tag","embeddable":true,"href":"http:\/\/www.cudecoop.coop\/cudecoop\/wp-json\/wp\/v2\/tags?post=3595"}],"curies":[{"name":"wp","href":"https:\/\/api.w.org\/{rel}","templated":true}]}}