{"id":3586,"date":"2021-09-03T14:53:18","date_gmt":"2021-09-03T14:53:18","guid":{"rendered":"http:\/\/www.cudecoop.coop\/cudecoop\/?p=3586"},"modified":"2021-09-03T14:53:18","modified_gmt":"2021-09-03T14:53:18","slug":"se-mantienen-reuniones-de-intercambio-entre-ejecutivo-y-socias-de-cudecoop-por-el-cooperativismo-nacional","status":"publish","type":"post","link":"http:\/\/www.cudecoop.coop\/cudecoop\/se-mantienen-reuniones-de-intercambio-entre-ejecutivo-y-socias-de-cudecoop-por-el-cooperativismo-nacional\/","title":{"rendered":"Se mantienen reuniones de intercambio entre Ejecutivo y socias de CUDECOOP por el cooperativismo nacional"},"content":{"rendered":"<div>El mi\u00e9rcoles 1 de setiembre, el Ejecutivo de CUDECOOP se reuni\u00f3n con quienes presiden las organizaciones socias de la Confederaci\u00f3n.<\/div>\n<div>&nbsp;<\/div>\n<div>El intercambio se realiz\u00f3 para analizar la coyuntura de cada organizaci\u00f3n, y&nbsp; destacar los temas que la Confederaci\u00f3n se encuentra llevando adelante.&nbsp;<\/div>\n<div>&nbsp;<\/div>\n<div>En el marco del intercambio el Ejecutivo present\u00f3 la intensi\u00f3n de salir con una propuesta de posicionamiento del cooperativismo de cara a la actividad de cierre de a\u00f1o, para an\u00e1lisis&nbsp;y perspectiva de los sectores que lo integran en relaci\u00f3n a las propuestas program\u00e1ticas trabajadas previo a al \u00faltimo cambio de gobierno nacional.&nbsp;<\/div>\n<div>&nbsp;<\/div>\n<div>Se trata de un&nbsp;primer acercamiento para darle continuidad&nbsp;a las 9 propuestas del cooperativismo, y un an\u00e1lisis sobre como estamos hoy en relaci\u00f3n a esas propuestas para la campa\u00f1a del sector.&nbsp;<\/div>\n<div>&nbsp;<\/div>\n<div>Por otro lado, el viernes 27 el Ejecutivo se reuni\u00f3 con las socias&nbsp;del sector de ahorro y cr\u00e9dito y el lunes 30 con las de consumo.&nbsp;<\/div>\n<div>Estos encuentros se tratan de un nuevo espacio de trabajo entre el Comit\u00e9 Ejecutivo y las socias de Cudecoop por sectores, para encontrar puntos de coincidencia y as\u00ed avanzar en articulaci\u00f3n, apuntando a lo proyectado para el cooperativismo 2030.<\/div>\n","protected":false},"excerpt":{"rendered":"<p>El mi\u00e9rcoles 1 de setiembre, el Ejecutivo de CUDECOOP se reuni\u00f3n con quienes presiden las organizaciones socias de la Confederaci\u00f3n. &nbsp; El intercambio se realiz\u00f3 para analizar la coyuntura de cada organizaci\u00f3n, y&nbsp; destacar los temas que la Confederaci\u00f3n se encuentra llevando adelante.&nbsp; &nbsp; En el marco del intercambio el Ejecutivo present\u00f3 la intensi\u00f3n de salir con una propuesta de posicionamiento del cooperativismo de cara a la actividad de cierre de a\u00f1o, para an\u00e1lisis&nbsp;y perspectiva de los sectores que lo integran en relaci\u00f3n a las propuestas program\u00e1ticas trabajadas previo a al \u00faltimo cambio de gobierno nacional.&nbsp; &nbsp; Se trata de [&#8230;]<\/p>\n","protected":false},"author":27,"featured_media":3588,"comment_status":"open","ping_status":"open","sticky":false,"template":"","format":"standard","meta":{"_acf_changed":false,"ngg_post_thumbnail":0,"footnotes":""},"categories":[7,6,1],"tags":[],"class_list":["post-3586","post","type-post","status-publish","format-standard","has-post-thumbnail","hentry","category-cooperativas","category-institucionales","category-noticias"],"acf":[],"_links":{"self":[{"href":"http:\/\/www.cudecoop.coop\/cudecoop\/wp-json\/wp\/v2\/posts\/3586","targetHints":{"allow":["GET"]}}],"collection":[{"href":"http:\/\/www.cudecoop.coop\/cudecoop\/wp-json\/wp\/v2\/posts"}],"about":[{"href":"http:\/\/www.cudecoop.coop\/cudecoop\/wp-json\/wp\/v2\/types\/post"}],"author":[{"embeddable":true,"href":"http:\/\/www.cudecoop.coop\/cudecoop\/wp-json\/wp\/v2\/users\/27"}],"replies":[{"embeddable":true,"href":"http:\/\/www.cudecoop.coop\/cudecoop\/wp-json\/wp\/v2\/comments?post=3586"}],"version-history":[{"count":2,"href":"http:\/\/www.cudecoop.coop\/cudecoop\/wp-json\/wp\/v2\/posts\/3586\/revisions"}],"predecessor-version":[{"id":3589,"href":"http:\/\/www.cudecoop.coop\/cudecoop\/wp-json\/wp\/v2\/posts\/3586\/revisions\/3589"}],"wp:featuredmedia":[{"embeddable":true,"href":"http:\/\/www.cudecoop.coop\/cudecoop\/wp-json\/wp\/v2\/media\/3588"}],"wp:attachment":[{"href":"http:\/\/www.cudecoop.coop\/cudecoop\/wp-json\/wp\/v2\/media?parent=3586"}],"wp:term":[{"taxonomy":"category","embeddable":true,"href":"http:\/\/www.cudecoop.coop\/cudecoop\/wp-json\/wp\/v2\/categories?post=3586"},{"taxonomy":"post_tag","embeddable":true,"href":"http:\/\/www.cudecoop.coop\/cudecoop\/wp-json\/wp\/v2\/tags?post=3586"}],"curies":[{"name":"wp","href":"https:\/\/api.w.org\/{rel}","templated":true}]}}