{"id":3577,"date":"2021-08-13T19:19:04","date_gmt":"2021-08-13T19:19:04","guid":{"rendered":"http:\/\/www.cudecoop.coop\/cudecoop\/?p=3577"},"modified":"2022-07-19T19:16:51","modified_gmt":"2022-07-19T19:16:51","slug":"el-procoop-esta-en-marcha-aprovechalo","status":"publish","type":"post","link":"http:\/\/www.cudecoop.coop\/cudecoop\/el-procoop-esta-en-marcha-aprovechalo\/","title":{"rendered":"El procoop est\u00e1 en marcha \u00a1aprovechalo!"},"content":{"rendered":"<p>Se encuentra abierto el llamado para que cooperativas reciban capacitaci\u00f3n y\/o asistencia t\u00e9cnica para mejorar las capacidades para el empleo.<\/p>\n<p>El objetivo del Programa de Formaci\u00f3n Cooperativa, PROCOOP, es desarrollar y fortalecer emprendimientos de la econom\u00eda social.<\/p>\n<p>Las cooperativas y organizaciones de la econom\u00eda social podr\u00e1n desarrollar proyectos, fortalecer sus emprendimientos, repensarse como empresas y dise\u00f1ar un nuevo plan de trabajo futuro. El <b>tope establecido por cooperativa u organizaci\u00f3n beneficiaria es de<\/b>&nbsp;$ 120.000 de fondos Procoop en el per\u00edodo del convenio.&nbsp; En esta ocasi\u00f3n se trata de proyectos que deben culminar su proceso de capacitaci\u00f3n o asistencia t\u00e9cnica, antes del 30 de noviembre, por eso motivamos a quienes quieran aprovechar esta oportunidad a que se inscriban cuanto antes.&nbsp;<\/p>\n<p>Para que el proceso sea fluido, en el caso de que no tengas total claridad sobre la posible necesidad de tu cooperativa, te ayudamos a reconocerla y realizar tu solicitud poni\u00e9ndote en contacto con nosotros.<\/p>\n<p>En este video te explicamos c\u00f3mo hacer para presentar una solicitud:&nbsp;<\/p>\n<p><iframe loading=\"lazy\" title=\"PROCOOP - Programa de Formaci\u00f3n Cooperativa\" width=\"525\" height=\"295\" src=\"https:\/\/www.youtube.com\/embed\/cZmCZyauvB0?start=9&#038;feature=oembed\" frameborder=\"0\" allow=\"accelerometer; autoplay; clipboard-write; encrypted-media; gyroscope; picture-in-picture; web-share\" referrerpolicy=\"strict-origin-when-cross-origin\" allowfullscreen><\/iframe><\/p>\n<p>&nbsp;<\/p>\n<p>El procoop est\u00e1 en marcha, aprovechalo.<\/p>\n<p><a href=\"https:\/\/www.cooperbit.com\/servlet\/inicioprocoop\">Formulario de inscripci\u00f3n<\/a><\/p>\n<p><a href=\"https:\/\/www.inacoop.org.uy\/procoop\">M\u00e1s informaci\u00f3n<\/a><\/p>\n<p><strong>Este acuerdo es promovido por el Instituto Nacional de Empleo y Formaci\u00f3n Profesional (INEFOP) y el Instituto Nacional del Cooperativismo (INACOOP) y cuenta con la participaci\u00f3n de la Confederaci\u00f3n Uruguaya de Entidades Cooperativas (CUDECOOP) como socio estrat\u00e9gico.<\/strong><\/p>\n","protected":false},"excerpt":{"rendered":"<p>Se encuentra abierto el llamado para que cooperativas reciban capacitaci\u00f3n y\/o asistencia t\u00e9cnica para mejorar las capacidades para el empleo. El objetivo del Programa de Formaci\u00f3n Cooperativa, PROCOOP, es desarrollar y fortalecer emprendimientos de la econom\u00eda social. Las cooperativas y organizaciones de la econom\u00eda social podr\u00e1n desarrollar proyectos, fortalecer sus emprendimientos, repensarse como empresas y dise\u00f1ar un nuevo plan de trabajo futuro. El tope establecido por cooperativa u organizaci\u00f3n beneficiaria es de&nbsp;$ 120.000 de fondos Procoop en el per\u00edodo del convenio.&nbsp; En esta ocasi\u00f3n se trata de proyectos que deben culminar su proceso de capacitaci\u00f3n o asistencia t\u00e9cnica, antes del [&#8230;]<\/p>\n","protected":false},"author":27,"featured_media":3578,"comment_status":"open","ping_status":"open","sticky":false,"template":"","format":"standard","meta":{"_acf_changed":false,"ngg_post_thumbnail":0,"footnotes":""},"categories":[7,6,1],"tags":[],"class_list":["post-3577","post","type-post","status-publish","format-standard","has-post-thumbnail","hentry","category-cooperativas","category-institucionales","category-noticias"],"acf":[],"_links":{"self":[{"href":"http:\/\/www.cudecoop.coop\/cudecoop\/wp-json\/wp\/v2\/posts\/3577","targetHints":{"allow":["GET"]}}],"collection":[{"href":"http:\/\/www.cudecoop.coop\/cudecoop\/wp-json\/wp\/v2\/posts"}],"about":[{"href":"http:\/\/www.cudecoop.coop\/cudecoop\/wp-json\/wp\/v2\/types\/post"}],"author":[{"embeddable":true,"href":"http:\/\/www.cudecoop.coop\/cudecoop\/wp-json\/wp\/v2\/users\/27"}],"replies":[{"embeddable":true,"href":"http:\/\/www.cudecoop.coop\/cudecoop\/wp-json\/wp\/v2\/comments?post=3577"}],"version-history":[{"count":1,"href":"http:\/\/www.cudecoop.coop\/cudecoop\/wp-json\/wp\/v2\/posts\/3577\/revisions"}],"predecessor-version":[{"id":3579,"href":"http:\/\/www.cudecoop.coop\/cudecoop\/wp-json\/wp\/v2\/posts\/3577\/revisions\/3579"}],"wp:featuredmedia":[{"embeddable":true,"href":"http:\/\/www.cudecoop.coop\/cudecoop\/wp-json\/wp\/v2\/media\/3578"}],"wp:attachment":[{"href":"http:\/\/www.cudecoop.coop\/cudecoop\/wp-json\/wp\/v2\/media?parent=3577"}],"wp:term":[{"taxonomy":"category","embeddable":true,"href":"http:\/\/www.cudecoop.coop\/cudecoop\/wp-json\/wp\/v2\/categories?post=3577"},{"taxonomy":"post_tag","embeddable":true,"href":"http:\/\/www.cudecoop.coop\/cudecoop\/wp-json\/wp\/v2\/tags?post=3577"}],"curies":[{"name":"wp","href":"https:\/\/api.w.org\/{rel}","templated":true}]}}