{"id":3569,"date":"2021-07-30T19:51:38","date_gmt":"2021-07-30T19:51:38","guid":{"rendered":"http:\/\/www.cudecoop.coop\/cudecoop\/?p=3569"},"modified":"2021-07-30T19:51:38","modified_gmt":"2021-07-30T19:51:38","slug":"continuar-el-trabajo-de-mutua-colaboracion-por-el-desarrollo-del-cooperativismo","status":"publish","type":"post","link":"http:\/\/www.cudecoop.coop\/cudecoop\/continuar-el-trabajo-de-mutua-colaboracion-por-el-desarrollo-del-cooperativismo\/","title":{"rendered":"Continuar el trabajo de mutua colaboraci\u00f3n por el desarrollo del Cooperativismo"},"content":{"rendered":"<p>Con miras de seguir construyendo el v\u00ednculo interinstitucional, y fortalecer el desarrollo sostenible a trav\u00e9s del cooperativismo, la ma\u00f1ana del viernes 30 de julio, el Comit\u00e9 Ejecutivo de CUDECOOP se reuni\u00f3 con parte del Directorio de INACOOP. Represent\u00f3 al mismo su presidente, Mart\u00edn Fern\u00e1ndez, y su alterno Ignacio Cuenca.<\/p>\n<p>Se realiz\u00f3 un rico intercambio sobre varios temas de actualidad, destac\u00e1ndose:&nbsp;<\/p>\n<p>El&nbsp;<strong>convenio que INACOOP firm\u00f3 recientemente con MIDES<\/strong>,&nbsp; para conocer de cerca la estrategia de INACOOP para su puesta en marcha y evaluar el apoyo de CUDECOOP en el mismo. Por parte del Presidente de INACOOP se se\u00f1al\u00f3 la oportunidad de desarrollar la labor de acompa\u00f1amiento t\u00e9cnico desde el Instituto y la posibilidad de involucrar a la Confederaci\u00f3n en los aspectos de formaci\u00f3n que se van a aplicar en dicho acuerdo.&nbsp;<\/p>\n<p>En cuanto al&nbsp;<strong>Programa de Formaci\u00f3n Cooperativa, PROCOOP<\/strong>, se plantea desde CUDECOOP la discrepancia con los mecanismos adoptados por INEFOP para la continuaci{on de un programa tan valioso para el Movimiento, compartiendo por parte del Presidente de INACOOP que se trata de un m\u00fasculo importante de las acciones del Instituto. Se acord\u00f3 continuar trabajando en el nuevo dise\u00f1o para el 2022 y seguir conversando sobre las posibilidades de ampliar las opciones de formaci\u00f3n y asistencia t\u00e9cnica..&nbsp;<\/p>\n<p>Sobre la&nbsp;<strong>Rendici\u00f3n de cuentas<\/strong>, el Ejecutivo agradeci\u00f3 a INACOOP la celeridad con la que se gestionaron las rectificaciones de eventuales modificaciones a la normativa sobre retenciones<span style=\"color: #ff0000;\">.&nbsp;<\/span>Sobre este tema se destac\u00f3 la necesidad de que sea Inacoop quien sugiera al Parlamento la posibilidad de integrar en el articulado que hace ajustes al sistema de retenciones, la incorporaci\u00f3n expresa de habilitar la retenci\u00f3n a trav\u00e9s de actos intercooperativos con cooperativas de consumo autorizadas a retener, y que est\u00e9n en el marco de SICOOP, promovido por el INACOOP.<\/p>\n<p>Sobre la situaci\u00f3n que atraviesan las&nbsp;<strong>cooperativas sociales en Canelones<\/strong>&nbsp;en cuanto al proceso de licitaci\u00f3n de la Intendencia canaria, todas las partes se comprometen&nbsp; para que las cooperativas tengan espalda financiera para poder responder en forma. Se acuerda el compromiso en cuanto a la posibilidad de armar una &#8220;ingenier\u00eda financiera&#8221; con apoyo del FONDES.&nbsp;<\/p>\n<p>En cuanto a la&nbsp;<strong>perspectiva internacional<\/strong>, se acord\u00f3 valorar la posibilidad de apoyar por parte de INACOOP la edici\u00f3n nacional del libro Principios cooperativos en acci\u00f3n, del Dr. Ariel Guarco, presidente de la Alianza Cooperativa Internacional; as\u00ed como el posicionamiento del cooperativismo uruguayo en el marco de la Conferencia Regional de Cooperativas de las Am\u00e9ricas.<\/p>\n<div>&nbsp;<\/div>\n<p>&nbsp;<\/p>\n<p>&nbsp;<\/p>\n<p>&nbsp;<\/p>\n<p>&nbsp;<\/p>\n<p>&nbsp;<\/p>\n<p>&nbsp;<\/p>\n","protected":false},"excerpt":{"rendered":"<p>Con miras de seguir construyendo el v\u00ednculo interinstitucional, y fortalecer el desarrollo sostenible a trav\u00e9s del cooperativismo, la ma\u00f1ana del viernes 30 de julio, el Comit\u00e9 Ejecutivo de CUDECOOP se reuni\u00f3 con parte del Directorio de INACOOP. Represent\u00f3 al mismo su presidente, Mart\u00edn Fern\u00e1ndez, y su alterno Ignacio Cuenca. Se realiz\u00f3 un rico intercambio sobre varios temas de actualidad, destac\u00e1ndose:&nbsp; El&nbsp;convenio que INACOOP firm\u00f3 recientemente con MIDES,&nbsp; para conocer de cerca la estrategia de INACOOP para su puesta en marcha y evaluar el apoyo de CUDECOOP en el mismo. Por parte del Presidente de INACOOP se se\u00f1al\u00f3 la oportunidad de [&#8230;]<\/p>\n","protected":false},"author":27,"featured_media":3570,"comment_status":"open","ping_status":"open","sticky":false,"template":"","format":"standard","meta":{"_acf_changed":false,"ngg_post_thumbnail":0,"footnotes":""},"categories":[7,6,1],"tags":[],"class_list":["post-3569","post","type-post","status-publish","format-standard","has-post-thumbnail","hentry","category-cooperativas","category-institucionales","category-noticias"],"acf":[],"_links":{"self":[{"href":"http:\/\/www.cudecoop.coop\/cudecoop\/wp-json\/wp\/v2\/posts\/3569","targetHints":{"allow":["GET"]}}],"collection":[{"href":"http:\/\/www.cudecoop.coop\/cudecoop\/wp-json\/wp\/v2\/posts"}],"about":[{"href":"http:\/\/www.cudecoop.coop\/cudecoop\/wp-json\/wp\/v2\/types\/post"}],"author":[{"embeddable":true,"href":"http:\/\/www.cudecoop.coop\/cudecoop\/wp-json\/wp\/v2\/users\/27"}],"replies":[{"embeddable":true,"href":"http:\/\/www.cudecoop.coop\/cudecoop\/wp-json\/wp\/v2\/comments?post=3569"}],"version-history":[{"count":2,"href":"http:\/\/www.cudecoop.coop\/cudecoop\/wp-json\/wp\/v2\/posts\/3569\/revisions"}],"predecessor-version":[{"id":3572,"href":"http:\/\/www.cudecoop.coop\/cudecoop\/wp-json\/wp\/v2\/posts\/3569\/revisions\/3572"}],"wp:featuredmedia":[{"embeddable":true,"href":"http:\/\/www.cudecoop.coop\/cudecoop\/wp-json\/wp\/v2\/media\/3570"}],"wp:attachment":[{"href":"http:\/\/www.cudecoop.coop\/cudecoop\/wp-json\/wp\/v2\/media?parent=3569"}],"wp:term":[{"taxonomy":"category","embeddable":true,"href":"http:\/\/www.cudecoop.coop\/cudecoop\/wp-json\/wp\/v2\/categories?post=3569"},{"taxonomy":"post_tag","embeddable":true,"href":"http:\/\/www.cudecoop.coop\/cudecoop\/wp-json\/wp\/v2\/tags?post=3569"}],"curies":[{"name":"wp","href":"https:\/\/api.w.org\/{rel}","templated":true}]}}