{"id":3554,"date":"2021-07-22T15:40:10","date_gmt":"2021-07-22T15:40:10","guid":{"rendered":"http:\/\/www.cudecoop.coop\/cudecoop\/?p=3554"},"modified":"2021-12-29T21:11:23","modified_gmt":"2021-12-29T21:11:23","slug":"la-negociacion-colectiva-en-las-cooperativas","status":"publish","type":"post","link":"http:\/\/www.cudecoop.coop\/cudecoop\/la-negociacion-colectiva-en-las-cooperativas\/","title":{"rendered":"La negociaci\u00f3n colectiva en las cooperativas"},"content":{"rendered":"<p><span class=\"im\"><strong>La negociaci\u00f3n colectiva en las cooperativas: especificidades, desaf\u00edos y herramientas<\/strong><\/span><\/p>\n<p>El 5 de agosto comienza la formaci\u00f3n virtual para cooperativas y organizaciones de la econom\u00eda social: <strong>Negociaci\u00f3n colectiva en las cooperativas: especificidades, desaf\u00edos y herramientas<\/strong> a cargo de la Confederaci\u00f3n Uruguaya de Entidades Cooperativas (CUDECOOP) y el Instituto Juan Pablo Terra.&nbsp;<\/p>\n<p>En tiempos de fuertes cambios y creciente incertidumbre, los grandes acuerdos, requieren de procesos de negociaci\u00f3n interna y externa, para fortalecer la IDENTIDAD COOPERATIVA.<\/p>\n<p>El Curso est\u00e1 dirigido a socios, dirigentes y trabajadores de cooperativas, Sociedades de Fomento Rural, y federaciones de todas las modalidades y de todo el pa\u00eds interesados en dicha tem\u00e1tica.<\/p>\n<p>Se desarrollar\u00e1 en formato virtual, con una sesi\u00f3n de una hora y media de duraci\u00f3n por semana y estar\u00e1 a cargo de expertos con amplia trayectoria (tanto nacional como internacional) en la tem\u00e1tica.<\/p>\n<p>El Curso est\u00e1 financiado por INEFOP (Instituto Nacional de Empleo y Formaci\u00f3n Profesional), no tiene costo para participantes, y recibir\u00e1n certificado de Asistencia.<\/p>\n<p>Los contenidos, fechas y docentes de los talleres son los siguientes:&nbsp;<\/p>\n<p><strong>1.- Introducci\u00f3n a las relaciones laborales y a la negociaci\u00f3n colectiva<\/strong><\/p>\n<p>Jueves 5 de agosto 18 h &#8211; Graciela Fern\u00e1ndez<\/p>\n<p>Jueves 12 de agosto 18 h &#8211; Hugo Barretto<\/p>\n<p><strong>2.-&nbsp;El conflicto y su incidencia en el funcionamiento de las organizaciones en el contexto actual<\/strong><\/p>\n<p>Jueves 19 de agosto 18 h &#8211; Gerardo Montes<\/p>\n<p>Jueves 26 de agosto 18 h &#8211; Gerardo Montes<\/p>\n<p>Jueves 2 de setiembre 18 h &#8211; Carlos Casal\u00e1s<\/p>\n<p><strong>3.-&nbsp;Las nuevas formas de comunicaci\u00f3n virtual&nbsp;en los procesos de negociaci\u00f3n<\/strong><\/p>\n<p>Jueves 9 de setiembre 18 h &#8211; Caroline Coelho<\/p>\n<p>Jueves 16 de setiembre 18 h &#8211;&nbsp; Caroline Coelho<\/p>\n<p>Jueves 23 de setiembre 18 h &#8211;&nbsp; Caroline Coelho<\/p>\n<p>Jueves 30 de setiembre 18 h &#8211; Caroline Coelho<\/p>\n<p><strong>4.-&nbsp;Relaciones laborales en Cooperativas de Usuarios y Productores<\/strong><\/p>\n<p>Jueves 7 de octubre 18 h &#8211;&nbsp; Alfredo Lamensa<\/p>\n<p>Jueves 14 de octubre 18 h &#8211;&nbsp;Alfredo Lamensa<\/p>\n<p>Jueves 21 de octubre 18 h &#8211;&nbsp;Atahualpa Blanchet<\/p>\n<p>Jueves 28 de octubre 18 h &#8211;&nbsp;Luc\u00eda Maschi<\/p>\n<p><strong>5.-&nbsp;Relaciones Laborales en Cooperativas de Trabajo<\/strong><\/p>\n<p>Jueves 7 de octubre 18 h &#8211;&nbsp; &nbsp;Sergio Reyes<\/p>\n<p>Jueves 14 de octubre 18 h &#8211;&nbsp; Sergio Reyes<\/p>\n<p>Jueves 21 de octubre 18 h &#8211;&nbsp; Luc\u00eda Maschi<\/p>\n<p>Jueves 28 de octubre 18 h -Atahualpa Blanchet<\/p>\n<p><strong>6.-&nbsp;T\u00e9cnicas actuales para la negociaci\u00f3n y soluci\u00f3n de conflictos en empresas de la Econom\u00eda Social<\/strong><\/p>\n<p>Jueves 4 de noviemebre 18 h &#8211;&nbsp;Gerardo Montes<\/p>\n<p>Jueves 11 de noviemebre 18 h -Alicia Kuster<\/p>\n<p>Jueves 18 de noviemebre 18 h -Germ\u00e1n Mato<\/p>\n<p><strong>7. Jornadas regionales (presenciales) de reflexi\u00f3n e intercambio sobre mejores pr\u00e1cticas en las cooperativas<\/strong><\/p>\n<p>Las inscripciones se realizan completando el siguiente formulario:<\/p>\n<p><a href=\"https:\/\/forms.gle\/rrZZMRyPfTwQDZD86\">FORMULARIO<\/a><\/p>\n","protected":false},"excerpt":{"rendered":"<p>La negociaci\u00f3n colectiva en las cooperativas: especificidades, desaf\u00edos y herramientas El 5 de agosto comienza la formaci\u00f3n virtual para cooperativas y organizaciones de la econom\u00eda social: Negociaci\u00f3n colectiva en las cooperativas: especificidades, desaf\u00edos y herramientas a cargo de la Confederaci\u00f3n Uruguaya de Entidades Cooperativas (CUDECOOP) y el Instituto Juan Pablo Terra.&nbsp; En tiempos de fuertes cambios y creciente incertidumbre, los grandes acuerdos, requieren de procesos de negociaci\u00f3n interna y externa, para fortalecer la IDENTIDAD COOPERATIVA. El Curso est\u00e1 dirigido a socios, dirigentes y trabajadores de cooperativas, Sociedades de Fomento Rural, y federaciones de todas las modalidades y de todo el [&#8230;]<\/p>\n","protected":false},"author":27,"featured_media":3558,"comment_status":"open","ping_status":"open","sticky":false,"template":"","format":"standard","meta":{"_acf_changed":false,"ngg_post_thumbnail":0,"footnotes":""},"categories":[7,6,1],"tags":[],"class_list":["post-3554","post","type-post","status-publish","format-standard","has-post-thumbnail","hentry","category-cooperativas","category-institucionales","category-noticias"],"acf":[],"_links":{"self":[{"href":"http:\/\/www.cudecoop.coop\/cudecoop\/wp-json\/wp\/v2\/posts\/3554","targetHints":{"allow":["GET"]}}],"collection":[{"href":"http:\/\/www.cudecoop.coop\/cudecoop\/wp-json\/wp\/v2\/posts"}],"about":[{"href":"http:\/\/www.cudecoop.coop\/cudecoop\/wp-json\/wp\/v2\/types\/post"}],"author":[{"embeddable":true,"href":"http:\/\/www.cudecoop.coop\/cudecoop\/wp-json\/wp\/v2\/users\/27"}],"replies":[{"embeddable":true,"href":"http:\/\/www.cudecoop.coop\/cudecoop\/wp-json\/wp\/v2\/comments?post=3554"}],"version-history":[{"count":7,"href":"http:\/\/www.cudecoop.coop\/cudecoop\/wp-json\/wp\/v2\/posts\/3554\/revisions"}],"predecessor-version":[{"id":3564,"href":"http:\/\/www.cudecoop.coop\/cudecoop\/wp-json\/wp\/v2\/posts\/3554\/revisions\/3564"}],"wp:featuredmedia":[{"embeddable":true,"href":"http:\/\/www.cudecoop.coop\/cudecoop\/wp-json\/wp\/v2\/media\/3558"}],"wp:attachment":[{"href":"http:\/\/www.cudecoop.coop\/cudecoop\/wp-json\/wp\/v2\/media?parent=3554"}],"wp:term":[{"taxonomy":"category","embeddable":true,"href":"http:\/\/www.cudecoop.coop\/cudecoop\/wp-json\/wp\/v2\/categories?post=3554"},{"taxonomy":"post_tag","embeddable":true,"href":"http:\/\/www.cudecoop.coop\/cudecoop\/wp-json\/wp\/v2\/tags?post=3554"}],"curies":[{"name":"wp","href":"https:\/\/api.w.org\/{rel}","templated":true}]}}