{"id":3547,"date":"2021-07-20T20:04:27","date_gmt":"2021-07-20T20:04:27","guid":{"rendered":"http:\/\/www.cudecoop.coop\/cudecoop\/?p=3547"},"modified":"2021-07-20T20:04:27","modified_gmt":"2021-07-20T20:04:27","slug":"presentacion-del-libro-principios-cooperativos-en-accion","status":"publish","type":"post","link":"http:\/\/www.cudecoop.coop\/cudecoop\/presentacion-del-libro-principios-cooperativos-en-accion\/","title":{"rendered":"Presentaci\u00f3n del libro: PRINCIPIOS COOPERATIVOS EN ACCI\u00d3N"},"content":{"rendered":"<p>En el marco del mes de las cooperativas, tenemos el agrado de invitarles a seguir la transmisi\u00f3n&nbsp;en vivo de la presentaci\u00f3n del libro: PRINCIPIOS COOPERATIVOS EN ACCI\u00d3N,&nbsp;a cargo de su escritor el presidente de la Alianza Cooperativa Internacional,&nbsp;Dr. Ariel Guarco, el d\u00eda martes 27 de julio a las 18 h.&nbsp;<\/p>\n<p>Participar\u00e1 comentando el libro, la Dra. Graciela Fern\u00e1ndez, presidenta de Cooperativas&nbsp;de las Am\u00e9ricas, y contaremos con la participaci\u00f3n y comentarios de directores de INACOOP,&nbsp;consejeros de CUDECOOP e integrantes de la Mesa Intercooperativa de Soriano (en formaci\u00f3n).<\/p>\n<p><strong>Martes 27 de julio, 18h por&nbsp;<a href=\"https:\/\/www.youtube.com\/channel\/UCrfd0ObAkQNnVy9qHqfXgIg\">Youtube de Cudecoop<\/a><\/strong><\/p>\n","protected":false},"excerpt":{"rendered":"<p>En el marco del mes de las cooperativas, tenemos el agrado de invitarles a seguir la transmisi\u00f3n&nbsp;en vivo de la presentaci\u00f3n del libro: PRINCIPIOS COOPERATIVOS EN ACCI\u00d3N,&nbsp;a cargo de su escritor el presidente de la Alianza Cooperativa Internacional,&nbsp;Dr. Ariel Guarco, el d\u00eda martes 27 de julio a las 18 h.&nbsp; Participar\u00e1 comentando el libro, la Dra. Graciela Fern\u00e1ndez, presidenta de Cooperativas&nbsp;de las Am\u00e9ricas, y contaremos con la participaci\u00f3n y comentarios de directores de INACOOP,&nbsp;consejeros de CUDECOOP e integrantes de la Mesa Intercooperativa de Soriano (en formaci\u00f3n). Martes 27 de julio, 18h por&nbsp;Youtube de [&#8230;]<\/p>\n","protected":false},"author":27,"featured_media":3548,"comment_status":"open","ping_status":"open","sticky":false,"template":"","format":"standard","meta":{"_acf_changed":false,"ngg_post_thumbnail":0,"footnotes":""},"categories":[7,6,1],"tags":[],"class_list":["post-3547","post","type-post","status-publish","format-standard","has-post-thumbnail","hentry","category-cooperativas","category-institucionales","category-noticias"],"acf":[],"_links":{"self":[{"href":"http:\/\/www.cudecoop.coop\/cudecoop\/wp-json\/wp\/v2\/posts\/3547","targetHints":{"allow":["GET"]}}],"collection":[{"href":"http:\/\/www.cudecoop.coop\/cudecoop\/wp-json\/wp\/v2\/posts"}],"about":[{"href":"http:\/\/www.cudecoop.coop\/cudecoop\/wp-json\/wp\/v2\/types\/post"}],"author":[{"embeddable":true,"href":"http:\/\/www.cudecoop.coop\/cudecoop\/wp-json\/wp\/v2\/users\/27"}],"replies":[{"embeddable":true,"href":"http:\/\/www.cudecoop.coop\/cudecoop\/wp-json\/wp\/v2\/comments?post=3547"}],"version-history":[{"count":1,"href":"http:\/\/www.cudecoop.coop\/cudecoop\/wp-json\/wp\/v2\/posts\/3547\/revisions"}],"predecessor-version":[{"id":3549,"href":"http:\/\/www.cudecoop.coop\/cudecoop\/wp-json\/wp\/v2\/posts\/3547\/revisions\/3549"}],"wp:featuredmedia":[{"embeddable":true,"href":"http:\/\/www.cudecoop.coop\/cudecoop\/wp-json\/wp\/v2\/media\/3548"}],"wp:attachment":[{"href":"http:\/\/www.cudecoop.coop\/cudecoop\/wp-json\/wp\/v2\/media?parent=3547"}],"wp:term":[{"taxonomy":"category","embeddable":true,"href":"http:\/\/www.cudecoop.coop\/cudecoop\/wp-json\/wp\/v2\/categories?post=3547"},{"taxonomy":"post_tag","embeddable":true,"href":"http:\/\/www.cudecoop.coop\/cudecoop\/wp-json\/wp\/v2\/tags?post=3547"}],"curies":[{"name":"wp","href":"https:\/\/api.w.org\/{rel}","templated":true}]}}