{"id":3543,"date":"2021-07-15T18:27:00","date_gmt":"2021-07-15T18:27:00","guid":{"rendered":"http:\/\/www.cudecoop.coop\/cudecoop\/?p=3543"},"modified":"2021-07-19T15:59:39","modified_gmt":"2021-07-19T15:59:39","slug":"por-que-comprar-a-cooperativas-de-bienes-y-servicios","status":"publish","type":"post","link":"http:\/\/www.cudecoop.coop\/cudecoop\/por-que-comprar-a-cooperativas-de-bienes-y-servicios\/","title":{"rendered":"\u00bfPor qu\u00e9 comprar a cooperativas de bienes y servicios?\u00a0"},"content":{"rendered":"<p>El jueves 22 de julio a las 10 h la Unidad de Econom\u00eda Social y Solidaria de la Intendencia de Montevideo y la Confederaci\u00f3n Uruguaya de Entidades Cooperativas, invitan a la mesa de intercambio&nbsp;<b>\u00bfPor qu\u00e9 comprar a cooperativas de bienes y servicios?&nbsp;Una mirada desde el consumo responsable.<\/b><\/p>\n<p>La actividad se enmarca en las celebraciones por el d\u00eda internacional del cooperativismo.&nbsp;<\/p>\n<p>Quienes as\u00ed lo deseen, podr\u00e1n unirse a la actividad a trav\u00e9s de la plataforma ZOOM y sino se podr\u00e1&nbsp;seguir la transmisi\u00f3n en vivo desde el Sal\u00f3n Dorado de la Intendencia de Montevideo, por Facebook live de CUDECOOP.<\/p>\n<p>Quienes quieran la conexi\u00f3n a trav\u00e9s de ZOOM deben enviar un correo electr\u00f3nico a esys@imm.gub.uy<\/p>\n<p>&nbsp;<\/p>\n<p><strong>MESA DE INTERCAMBIO<\/strong><\/p>\n<p><strong>10:00<\/strong> Bienvenida y presentaci\u00f3n de la actividad. Nicol\u00e1s Nu\u00f1ez, Coordinador de la&nbsp;Unidad de Econom\u00eda Social y Solidaria, IM.<\/p>\n<p><strong>10:10<\/strong> La econom\u00eda social y solidaria en tiempos de crisis, su capacidad para<br \/>\ninnovar y generar trabajo de calidad. Prof. Mag. en Trabajo Social Gerardo Sarachu,&nbsp;\u00c1rea Sector Cooperativo y Econom\u00eda Social del Servicio Central de Extensi\u00f3n y&nbsp;Actividades en el Medio, UDELAR.<\/p>\n<p><strong>10:30<\/strong> Capacidades del movimiento cooperativo como prestador de bienes y&nbsp;servicios en sus diferentes modalidades. Marisol Fuentes, Secretaria, CUDECOOP y&nbsp;Stefania Silveyra, Vicepresidenta Segunda, CUDECOOP.<\/p>\n<p><strong>10:50<\/strong> La IM como generadora de pol\u00edticas p\u00fablicas dinamizadoras de la econom\u00eda&nbsp;social y del cooperativismo. Guillermo Moncecchi, Director de Desarrollo Ambiental,&nbsp;IM y Mauricio Zunino, Director de Recursos Financieros, IM.<\/p>\n<p><strong>11:10<\/strong> Generando oportunidades: la articulaci\u00f3n y la intercooperaci\u00f3n como<br \/>\nherramientas para vender bienes y servicios al Estado. Nicol\u00e1s Nu\u00f1ez.<\/p>\n<p><strong>11:30<\/strong>&nbsp;Intercambio.<\/p>\n<p>&nbsp;<\/p>\n<p>Adjuntamos programa<\/p>\n","protected":false},"excerpt":{"rendered":"<p>El jueves 22 de julio a las 10 h la Unidad de Econom\u00eda Social y Solidaria de la Intendencia de Montevideo y la Confederaci\u00f3n Uruguaya de Entidades Cooperativas, invitan a la mesa de intercambio&nbsp;\u00bfPor qu\u00e9 comprar a cooperativas de bienes y servicios?&nbsp;Una mirada desde el consumo responsable. La actividad se enmarca en las celebraciones por el d\u00eda internacional del cooperativismo.&nbsp; Quienes as\u00ed lo deseen, podr\u00e1n unirse a la actividad a trav\u00e9s de la plataforma ZOOM y sino se podr\u00e1&nbsp;seguir la transmisi\u00f3n en vivo desde el Sal\u00f3n Dorado de la Intendencia de Montevideo, por Facebook live de CUDECOOP. Quienes quieran la [&#8230;]<\/p>\n","protected":false},"author":27,"featured_media":3546,"comment_status":"open","ping_status":"open","sticky":false,"template":"","format":"standard","meta":{"_acf_changed":false,"ngg_post_thumbnail":0,"footnotes":""},"categories":[7,6,1],"tags":[],"class_list":["post-3543","post","type-post","status-publish","format-standard","has-post-thumbnail","hentry","category-cooperativas","category-institucionales","category-noticias"],"acf":[],"_links":{"self":[{"href":"http:\/\/www.cudecoop.coop\/cudecoop\/wp-json\/wp\/v2\/posts\/3543","targetHints":{"allow":["GET"]}}],"collection":[{"href":"http:\/\/www.cudecoop.coop\/cudecoop\/wp-json\/wp\/v2\/posts"}],"about":[{"href":"http:\/\/www.cudecoop.coop\/cudecoop\/wp-json\/wp\/v2\/types\/post"}],"author":[{"embeddable":true,"href":"http:\/\/www.cudecoop.coop\/cudecoop\/wp-json\/wp\/v2\/users\/27"}],"replies":[{"embeddable":true,"href":"http:\/\/www.cudecoop.coop\/cudecoop\/wp-json\/wp\/v2\/comments?post=3543"}],"version-history":[{"count":1,"href":"http:\/\/www.cudecoop.coop\/cudecoop\/wp-json\/wp\/v2\/posts\/3543\/revisions"}],"predecessor-version":[{"id":3545,"href":"http:\/\/www.cudecoop.coop\/cudecoop\/wp-json\/wp\/v2\/posts\/3543\/revisions\/3545"}],"wp:featuredmedia":[{"embeddable":true,"href":"http:\/\/www.cudecoop.coop\/cudecoop\/wp-json\/wp\/v2\/media\/3546"}],"wp:attachment":[{"href":"http:\/\/www.cudecoop.coop\/cudecoop\/wp-json\/wp\/v2\/media?parent=3543"}],"wp:term":[{"taxonomy":"category","embeddable":true,"href":"http:\/\/www.cudecoop.coop\/cudecoop\/wp-json\/wp\/v2\/categories?post=3543"},{"taxonomy":"post_tag","embeddable":true,"href":"http:\/\/www.cudecoop.coop\/cudecoop\/wp-json\/wp\/v2\/tags?post=3543"}],"curies":[{"name":"wp","href":"https:\/\/api.w.org\/{rel}","templated":true}]}}