{"id":3539,"date":"2021-07-12T19:29:44","date_gmt":"2021-07-12T19:29:44","guid":{"rendered":"http:\/\/www.cudecoop.coop\/cudecoop\/?p=3539"},"modified":"2021-07-12T20:39:04","modified_gmt":"2021-07-12T20:39:04","slug":"el-sistema-cooperativo-de-vivienda-estaria-retomando-su-marcha","status":"publish","type":"post","link":"http:\/\/www.cudecoop.coop\/cudecoop\/el-sistema-cooperativo-de-vivienda-estaria-retomando-su-marcha\/","title":{"rendered":"EL SISTEMA COOPERATIVO DE VIVIENDA ESTAR\u00cdA RETOMANDO SU MARCHA"},"content":{"rendered":"<p>El viernes 9 de julio se llev\u00f3 a cabo la postergada reuni\u00f3n con las autoridades del Ministerio de Vivienda y Ordenamiento territorial. En la misma participaron, por parte del ministerio, la Ministra Dra. Irene Moreira, el Director de Vivienda Cr. Jorge Ceretta y el Tte. Cnel. (R) Gonzalo Reissig y por esta mesa, sus 5 instituciones integrantes: Federaci\u00f3n de Cooperativas de Vivienda por Ahorro Previo,&nbsp;(FECOVI) ;&nbsp; Federaci\u00f3n Uruguaya de Cooperativas de Vivienda por Ayuda Mutua,&nbsp;(FUCVAM);&nbsp; &nbsp;Mesa Coordinadora de Institutos de Asistencia T\u00e9cnica, (IATS); y la Confederaci\u00f3n Uruguaya de Entidades Cooperativas,&nbsp;(CUDECOOP) .<\/p>\n<p>En la reuni\u00f3n la Ministra se comprometi\u00f3 a:<\/p>\n<p>Comunicar a la brevedad posible, los VALORES DE TASACI\u00d3N de este a\u00f1o 2021;<\/p>\n<p>Dar continuidad al programa de cooperativas en sus diferentes etapas (viabilidad de terrenos, anteproyectos y proyectos ejecutivos);<\/p>\n<p>Realizar el sorteo en diciembre de 2021, para 1500 viviendas, de las cuales 700 entran con adjudicaci\u00f3n directa por haber participado en los 3 sorteos anteriores;<\/p>\n<p>Por otro lado, comunic\u00f3 que se escriturar\u00e1n 25 cooperativas de ahora a fin de a\u00f1o y 50 cooperativas en el a\u00f1o 2022 (a un ritmo de 4 por mes). Y con respecto al viejo reclamo del 2 % de inter\u00e9s en las tasas de pago, la Ministra se\u00f1al\u00f3 que ya hab\u00eda formado una comisi\u00f3n para el estudio de este tema y que el mismo estaba bastante adelantado. Adem\u00e1s se\u00f1al\u00f3 su disposici\u00f3n a resolver positivamente este tema.<\/p>\n<p>Realizado el encuentro, quedamos a la espera de la concreci\u00f3n por escrito de las definiciones declaradas.<\/p>\n<p>Instituciones y Organizaciones Firmantes<\/p>\n<p>FECOVI: Federaci\u00f3n de Cooperativas de Vivienda por Ahorro Previo.<\/p>\n<p>FUCVAM: Federaci\u00f3n Uruguaya de Cooperativas de Vivienda por Ayuda Mutua.<\/p>\n<p>IATs: Mesa Coordinadora de Institutos de Asistencia T\u00e9cnica.<\/p>\n<p>CUDECOOP: Confederaci\u00f3n Uruguaya de Entidades Cooperativas.<\/p>\n","protected":false},"excerpt":{"rendered":"<p>El viernes 9 de julio se llev\u00f3 a cabo la postergada reuni\u00f3n con las autoridades del Ministerio de Vivienda y Ordenamiento territorial. En la misma participaron, por parte del ministerio, la Ministra Dra. Irene Moreira, el Director de Vivienda Cr. Jorge Ceretta y el Tte. Cnel. (R) Gonzalo Reissig y por esta mesa, sus 5 instituciones integrantes: Federaci\u00f3n de Cooperativas de Vivienda por Ahorro Previo,&nbsp;(FECOVI) ;&nbsp; Federaci\u00f3n Uruguaya de Cooperativas de Vivienda por Ayuda Mutua,&nbsp;(FUCVAM);&nbsp; &nbsp;Mesa Coordinadora de Institutos de Asistencia T\u00e9cnica, (IATS); y la Confederaci\u00f3n Uruguaya de Entidades Cooperativas,&nbsp;(CUDECOOP) . En la reuni\u00f3n la Ministra se comprometi\u00f3 a: Comunicar [&#8230;]<\/p>\n","protected":false},"author":27,"featured_media":0,"comment_status":"open","ping_status":"open","sticky":false,"template":"","format":"standard","meta":{"_acf_changed":false,"ngg_post_thumbnail":0,"footnotes":""},"categories":[7,6,1],"tags":[],"class_list":["post-3539","post","type-post","status-publish","format-standard","hentry","category-cooperativas","category-institucionales","category-noticias"],"acf":[],"_links":{"self":[{"href":"http:\/\/www.cudecoop.coop\/cudecoop\/wp-json\/wp\/v2\/posts\/3539","targetHints":{"allow":["GET"]}}],"collection":[{"href":"http:\/\/www.cudecoop.coop\/cudecoop\/wp-json\/wp\/v2\/posts"}],"about":[{"href":"http:\/\/www.cudecoop.coop\/cudecoop\/wp-json\/wp\/v2\/types\/post"}],"author":[{"embeddable":true,"href":"http:\/\/www.cudecoop.coop\/cudecoop\/wp-json\/wp\/v2\/users\/27"}],"replies":[{"embeddable":true,"href":"http:\/\/www.cudecoop.coop\/cudecoop\/wp-json\/wp\/v2\/comments?post=3539"}],"version-history":[{"count":2,"href":"http:\/\/www.cudecoop.coop\/cudecoop\/wp-json\/wp\/v2\/posts\/3539\/revisions"}],"predecessor-version":[{"id":3541,"href":"http:\/\/www.cudecoop.coop\/cudecoop\/wp-json\/wp\/v2\/posts\/3539\/revisions\/3541"}],"wp:attachment":[{"href":"http:\/\/www.cudecoop.coop\/cudecoop\/wp-json\/wp\/v2\/media?parent=3539"}],"wp:term":[{"taxonomy":"category","embeddable":true,"href":"http:\/\/www.cudecoop.coop\/cudecoop\/wp-json\/wp\/v2\/categories?post=3539"},{"taxonomy":"post_tag","embeddable":true,"href":"http:\/\/www.cudecoop.coop\/cudecoop\/wp-json\/wp\/v2\/tags?post=3539"}],"curies":[{"name":"wp","href":"https:\/\/api.w.org\/{rel}","templated":true}]}}