{"id":3534,"date":"2021-07-06T13:36:31","date_gmt":"2021-07-06T13:36:31","guid":{"rendered":"http:\/\/www.cudecoop.coop\/cudecoop\/?p=3534"},"modified":"2021-07-06T19:09:35","modified_gmt":"2021-07-06T19:09:35","slug":"dia-de-las-cooperativas-2021","status":"publish","type":"post","link":"http:\/\/www.cudecoop.coop\/cudecoop\/dia-de-las-cooperativas-2021\/","title":{"rendered":"D\u00eda de las cooperativas 2021"},"content":{"rendered":"<p>En Uruguay, como cada primer s\u00e1bado de julio, festejamos el d\u00eda internacional de las cooperativas.&nbsp;<\/p>\n<p>Este a\u00f1o bajo el lema propuesto por la Alianza Cooperativa Internacional: Reconstruir mejor juntos, las cooperativas de todo el territorio nacional se organizaron para poder realizar sus festejos con mayores l\u00edmites y cuidados que otros a\u00f1os a causa&nbsp; de la emergencia sanitaria.<\/p>\n<p>Mercedes, fue el lugar central para los festejos de las instituciones, dado que este a\u00f1o es la Capital Nacional del Cooperativismo y junto al Departamento de Soriano concentraron las actividades centrales, contando con la presencia de las autoridades m\u00e1ximas de las organizaciones cooperativas, y representantes de casi todas las federaciones socias de CUDECOOP. Entre ellas, estuvo presente en las actividades el Intendente del Departamento,&nbsp;Guillermo Besozzi,&nbsp;el presidente de la Junta Departamental de Soriano, Ra\u00fal Bruno,&nbsp;el presidente de INACOOP, Mart\u00edn Fern\u00e1ndez,&nbsp;y nuestra presidenta, Alicia Maneiro.&nbsp;<\/p>\n<p>Covianalpa 1, la primer cooperativa de viviendas del departamento de Soriano, fue homenajeada porque este a\u00f1o cumple su 50 aniversario de fundada, y los 40 a\u00f1os de inaugurada.&nbsp;<\/p>\n<p><a href=\"https:\/\/fb.watch\/v\/1SMEReelA\/\">Ver transmisi\u00f3n aqu\u00ed<\/a><\/p>\n<p>Se realiz\u00f3 la re inauguraci\u00f3n del espacio p\u00fablico del cooperativismo, donde adem\u00e1s se homenaje\u00f3 la memoria del cooperativista reconocido por su trayectoria y aportes al movimiento, Jean Pierre Houni\u00e9. El homenaje estuvo a cargo de nuestra socia CAF, en voz de su presidente, Pablo Perdomo, quien invit\u00f3 a dar testimonio al ex gerente de CAF, Gast\u00f3n Rico y familiares de Jean Pierre.&nbsp;<\/p>\n<p><a href=\"https:\/\/fb.watch\/v\/591CuVWpe\/\">Ver transmisi\u00f3n aqu\u00ed<\/a><\/p>\n<p>Para culminar la jornada, en &#8220;La casona&#8221;, FUCVAM realiz\u00f3 la presentaci\u00f3n de su libro: 50 a\u00f1os en im\u00e1genes, tambi\u00e9n con la presencia de autoridades.&nbsp;<\/p>\n<p>_____________________________________________________________________<\/p>\n<p>Por otro lado, en el resto de los departamentos tambi\u00e9n realizaron sus instancias de celebraci\u00f3n. Motivo para el cual se realizaron las balconeras cooperativas que estuvieron presentes en ventanas de distintas casas y cooperativas de todo el territorio nacional. Agradecemos especialmente el apoyo para esta realizaci\u00f3n de todas las Mesas intercooperativas que hicieron todo para que esta acci\u00f3n se pueda concretar y tambi\u00e9n agradecemos a Copolac por su apoyo como sponsor.<\/p>\n<p><a href=\"https:\/\/www.facebook.com\/media\/set?vanity=CUDECOOP&amp;set=a.2926274340984669\">En este enlace podr\u00e1n ver el recorrido del d\u00eda en fotos<\/a>&nbsp;<\/p>\n<p>Para celebrar este d\u00eda, tambi\u00e9n realizamos una campa\u00f1a de visibilidad para las cooperativas uruguayas bajo la consigna internacional y de esta forma nos compartieron sus experiencias. Nos contaron c\u00f3mo sortearon dificultades en el contexto de la pandemia mundial, qu\u00e9 acciones realizaron en conjunto con otras cooperativas y c\u00f3mo se vieron fortalecidas.<\/p>\n<p><a href=\"https:\/\/www.inacoop.org.uy\/single-post\/d%C3%ADa-internacional-de-las-cooperativas\">Pod\u00e9s ver aqu\u00ed la campa\u00f1a.<\/a><\/p>\n<p>&nbsp;<\/p>\n","protected":false},"excerpt":{"rendered":"<p>En Uruguay, como cada primer s\u00e1bado de julio, festejamos el d\u00eda internacional de las cooperativas.&nbsp; Este a\u00f1o bajo el lema propuesto por la Alianza Cooperativa Internacional: Reconstruir mejor juntos, las cooperativas de todo el territorio nacional se organizaron para poder realizar sus festejos con mayores l\u00edmites y cuidados que otros a\u00f1os a causa&nbsp; de la emergencia sanitaria. Mercedes, fue el lugar central para los festejos de las instituciones, dado que este a\u00f1o es la Capital Nacional del Cooperativismo y junto al Departamento de Soriano concentraron las actividades centrales, contando con la presencia de las autoridades m\u00e1ximas de las organizaciones cooperativas, [&#8230;]<\/p>\n","protected":false},"author":27,"featured_media":3535,"comment_status":"open","ping_status":"open","sticky":false,"template":"","format":"standard","meta":{"_acf_changed":false,"ngg_post_thumbnail":0,"footnotes":""},"categories":[7,6,1],"tags":[],"class_list":["post-3534","post","type-post","status-publish","format-standard","has-post-thumbnail","hentry","category-cooperativas","category-institucionales","category-noticias"],"acf":[],"_links":{"self":[{"href":"http:\/\/www.cudecoop.coop\/cudecoop\/wp-json\/wp\/v2\/posts\/3534","targetHints":{"allow":["GET"]}}],"collection":[{"href":"http:\/\/www.cudecoop.coop\/cudecoop\/wp-json\/wp\/v2\/posts"}],"about":[{"href":"http:\/\/www.cudecoop.coop\/cudecoop\/wp-json\/wp\/v2\/types\/post"}],"author":[{"embeddable":true,"href":"http:\/\/www.cudecoop.coop\/cudecoop\/wp-json\/wp\/v2\/users\/27"}],"replies":[{"embeddable":true,"href":"http:\/\/www.cudecoop.coop\/cudecoop\/wp-json\/wp\/v2\/comments?post=3534"}],"version-history":[{"count":3,"href":"http:\/\/www.cudecoop.coop\/cudecoop\/wp-json\/wp\/v2\/posts\/3534\/revisions"}],"predecessor-version":[{"id":3538,"href":"http:\/\/www.cudecoop.coop\/cudecoop\/wp-json\/wp\/v2\/posts\/3534\/revisions\/3538"}],"wp:featuredmedia":[{"embeddable":true,"href":"http:\/\/www.cudecoop.coop\/cudecoop\/wp-json\/wp\/v2\/media\/3535"}],"wp:attachment":[{"href":"http:\/\/www.cudecoop.coop\/cudecoop\/wp-json\/wp\/v2\/media?parent=3534"}],"wp:term":[{"taxonomy":"category","embeddable":true,"href":"http:\/\/www.cudecoop.coop\/cudecoop\/wp-json\/wp\/v2\/categories?post=3534"},{"taxonomy":"post_tag","embeddable":true,"href":"http:\/\/www.cudecoop.coop\/cudecoop\/wp-json\/wp\/v2\/tags?post=3534"}],"curies":[{"name":"wp","href":"https:\/\/api.w.org\/{rel}","templated":true}]}}