{"id":3528,"date":"2021-06-30T16:56:51","date_gmt":"2021-06-30T16:56:51","guid":{"rendered":"http:\/\/www.cudecoop.coop\/cudecoop\/?p=3528"},"modified":"2021-07-02T21:36:27","modified_gmt":"2021-07-02T21:36:27","slug":"mensaje-cudecoop-por-dia-internacional-de-las-cooperativas","status":"publish","type":"post","link":"http:\/\/www.cudecoop.coop\/cudecoop\/mensaje-cudecoop-por-dia-internacional-de-las-cooperativas\/","title":{"rendered":"Mensaje Cudecoop por d\u00eda internacional de las cooperativas"},"content":{"rendered":"<p>Este d\u00eda internacional de las cooperativas nos encuentra en un mundo que a\u00fan se encuentra debati\u00e9ndose contra la pandemia del COVID-19. En Uruguay, los m\u00e1s de un mill\u00f3n de cooperativistas hemos demostrado que somos la mejor alternativa para trabajar en la reconstrucci\u00f3n econ\u00f3mica y social de nuestro pa\u00eds, siguiendo el lema de la Alianza Cooperativa Internacional: <strong>reconstruir mejor juntos. <\/strong><\/p>\n<p>Pese a que el sector cooperativo se muestra resiliente, sosteniendo los puestos de trabajo en t\u00e9rminos comparativos a otras empresas, hay sectores que se han visto profundamente afectados, en particular en algunos sectores del cooperativismo de trabajo y de vivienda, que adem\u00e1s han sufrido graves recortes de recursos o cambios en las orientaciones de financiamiento y contrataci\u00f3n por parte del Estado.<\/p>\n<p>Esta crisis nos desaf\u00eda, sobre todo porque acent\u00faa las desigualdades. Necesitamos que las cooperativas se visualicen como el modelo econ\u00f3mico capaz de transformar esta realidad, a partir de su anclaje comunitario y territorial, su esencia solidaria, y la no explotaci\u00f3n de las personas o la naturaleza.<\/p>\n<p>Esta crisis nos exige seguir buscando la innovaci\u00f3n en nuestras cooperativas, reafirmando nuestra identidad y compromiso con la equidad social, econ\u00f3mica y cultural entre las personas, redoblando nuestra preocupaci\u00f3n y respuestas a los sectores m\u00e1s afectados por esta crisis global.<\/p>\n<p><strong>En este d\u00eda internacional de las cooperativas llamamos a reconstruir mejor juntos y m\u00e1s que nunca reafirmar nuestros principios y valores cooperativos. <\/strong><\/p>\n<p>&nbsp;<\/p>\n<p>Feliz d\u00eda internacional de las cooperativas.<\/p>\n<p>&nbsp;<\/p>\n<p><iframe loading=\"lazy\" title=\"D\u00eda de las cooperativas 2021, mensaje CUDECOOP\" width=\"525\" height=\"295\" src=\"https:\/\/www.youtube.com\/embed\/NsIKy0TBKhE?feature=oembed\" frameborder=\"0\" allow=\"accelerometer; autoplay; clipboard-write; encrypted-media; gyroscope; picture-in-picture; web-share\" referrerpolicy=\"strict-origin-when-cross-origin\" allowfullscreen><\/iframe><\/p>\n","protected":false},"excerpt":{"rendered":"<p>Este d\u00eda internacional de las cooperativas nos encuentra en un mundo que a\u00fan se encuentra debati\u00e9ndose contra la pandemia del COVID-19. En Uruguay, los m\u00e1s de un mill\u00f3n de cooperativistas hemos demostrado que somos la mejor alternativa para trabajar en la reconstrucci\u00f3n econ\u00f3mica y social de nuestro pa\u00eds, siguiendo el lema de la Alianza Cooperativa Internacional: reconstruir mejor juntos. Pese a que el sector cooperativo se muestra resiliente, sosteniendo los puestos de trabajo en t\u00e9rminos comparativos a otras empresas, hay sectores que se han visto profundamente afectados, en particular en algunos sectores del cooperativismo de trabajo y de vivienda, que [&#8230;]<\/p>\n","protected":false},"author":27,"featured_media":3531,"comment_status":"open","ping_status":"open","sticky":false,"template":"","format":"standard","meta":{"_acf_changed":false,"ngg_post_thumbnail":0,"footnotes":""},"categories":[7,6,1],"tags":[],"class_list":["post-3528","post","type-post","status-publish","format-standard","has-post-thumbnail","hentry","category-cooperativas","category-institucionales","category-noticias"],"acf":[],"_links":{"self":[{"href":"http:\/\/www.cudecoop.coop\/cudecoop\/wp-json\/wp\/v2\/posts\/3528","targetHints":{"allow":["GET"]}}],"collection":[{"href":"http:\/\/www.cudecoop.coop\/cudecoop\/wp-json\/wp\/v2\/posts"}],"about":[{"href":"http:\/\/www.cudecoop.coop\/cudecoop\/wp-json\/wp\/v2\/types\/post"}],"author":[{"embeddable":true,"href":"http:\/\/www.cudecoop.coop\/cudecoop\/wp-json\/wp\/v2\/users\/27"}],"replies":[{"embeddable":true,"href":"http:\/\/www.cudecoop.coop\/cudecoop\/wp-json\/wp\/v2\/comments?post=3528"}],"version-history":[{"count":2,"href":"http:\/\/www.cudecoop.coop\/cudecoop\/wp-json\/wp\/v2\/posts\/3528\/revisions"}],"predecessor-version":[{"id":3532,"href":"http:\/\/www.cudecoop.coop\/cudecoop\/wp-json\/wp\/v2\/posts\/3528\/revisions\/3532"}],"wp:featuredmedia":[{"embeddable":true,"href":"http:\/\/www.cudecoop.coop\/cudecoop\/wp-json\/wp\/v2\/media\/3531"}],"wp:attachment":[{"href":"http:\/\/www.cudecoop.coop\/cudecoop\/wp-json\/wp\/v2\/media?parent=3528"}],"wp:term":[{"taxonomy":"category","embeddable":true,"href":"http:\/\/www.cudecoop.coop\/cudecoop\/wp-json\/wp\/v2\/categories?post=3528"},{"taxonomy":"post_tag","embeddable":true,"href":"http:\/\/www.cudecoop.coop\/cudecoop\/wp-json\/wp\/v2\/tags?post=3528"}],"curies":[{"name":"wp","href":"https:\/\/api.w.org\/{rel}","templated":true}]}}