{"id":3525,"date":"2021-06-29T14:42:12","date_gmt":"2021-06-29T14:42:12","guid":{"rendered":"http:\/\/www.cudecoop.coop\/cudecoop\/?p=3525"},"modified":"2021-06-29T14:42:12","modified_gmt":"2021-06-29T14:42:12","slug":"mercedes-sera-sede-del-festejo-nacional-por-el-dia-internacional-de-las-cooperativas","status":"publish","type":"post","link":"http:\/\/www.cudecoop.coop\/cudecoop\/mercedes-sera-sede-del-festejo-nacional-por-el-dia-internacional-de-las-cooperativas\/","title":{"rendered":"Mercedes ser\u00e1 sede del festejo nacional por el D\u00eda internacional de las cooperativas"},"content":{"rendered":"<p>Este s\u00e1bado 3 de julio se celebra, como cada primer s\u00e1bado de julio, el d\u00eda internacional de las cooperativas, y para celebrarlo se eligi\u00f3 como locaci\u00f3n oficial a la ciudad de Mercedes por ser Capital Nacional del Cooperativismo. Este a\u00f1o festejamos con el lema: Reconstruir mejor juntos, propuesto por la Alianza Cooperativa Internacional.&nbsp;<\/p>\n<p>Los festejos comienzan a las 11 horas en Covianalpa 1, dado que la cooperativa de viviendas cumple sus primeros 50 a\u00f1os de ser fundada, siendo la primera experiencia de cooperativismo de vivienda de la localidad. Este momento ser\u00e1 transmitido por las redes sociales de las organizaciones convocantes.<\/p>\n<p>Luego, a las 13 horas se invita de forma presencial a quienes quieran acercarse, y a continuar mirando por redes sociales a quienes est\u00e9n fuera del Departamento, a la reinauguraci\u00f3n del espacio abierto al cooperativismo (sobre Rambla Carlos Federico Saez) donde hablar\u00e1n las autoridades y tambi\u00e9n se realizar\u00e1 un homenaje al emblem\u00e1tico cooperativista local, Jean Pierre Hounie.<\/p>\n<p>A las 14.30 horas, junto a una exposici\u00f3n de fotos, FUCVAM realizar\u00e1 la presentaci\u00f3n de su libro de fotos sobre sus 50 a\u00f1os, recientemente publicado.&nbsp;&nbsp;<\/p>\n<p>Ser\u00e1 un d\u00eda cargado de actividades que sugerimos seguir por redes sociales, ya que la situaci\u00f3n sanitaria no permite otra alternativa. Continuando con los festejos en este mes de las cooperativas, el 9 de julio se realizar\u00e1 un seminario sobre vivienda cooperativa de forma virtual. Y el 27 contaremos con la presencia (virtual) del presidente de la Alianza Cooperativa, Dr. Ariel Guarco, quien presentar\u00e1 su libro \u201cPrincipios cooperativos en acci\u00f3n\u201d, en el marco de Mercedes Capital Nacional del Cooperativismo.<\/p>\n<p>Organizan: Instituto Nacional del Cooperativismo (INACOOP), Confederaci\u00f3n Uruguaya de Entidades Cooperativas (CUDECOOP), Intendencia y cooperativas de Soriano.<\/p>\n<p>Enlaces para conectarse a la celebraci\u00f3n del d\u00eda de las cooperativas:<\/p>\n<p>Facebook.com\/CUDECOOP<\/p>\n<p>Facebook.com\/inacoop<\/p>\n","protected":false},"excerpt":{"rendered":"<p>Este s\u00e1bado 3 de julio se celebra, como cada primer s\u00e1bado de julio, el d\u00eda internacional de las cooperativas, y para celebrarlo se eligi\u00f3 como locaci\u00f3n oficial a la ciudad de Mercedes por ser Capital Nacional del Cooperativismo. Este a\u00f1o festejamos con el lema: Reconstruir mejor juntos, propuesto por la Alianza Cooperativa Internacional.&nbsp; Los festejos comienzan a las 11 horas en Covianalpa 1, dado que la cooperativa de viviendas cumple sus primeros 50 a\u00f1os de ser fundada, siendo la primera experiencia de cooperativismo de vivienda de la localidad. Este momento ser\u00e1 transmitido por las redes sociales de las organizaciones convocantes. [&#8230;]<\/p>\n","protected":false},"author":27,"featured_media":3526,"comment_status":"open","ping_status":"open","sticky":false,"template":"","format":"standard","meta":{"_acf_changed":false,"ngg_post_thumbnail":0,"footnotes":""},"categories":[7,6,1],"tags":[],"class_list":["post-3525","post","type-post","status-publish","format-standard","has-post-thumbnail","hentry","category-cooperativas","category-institucionales","category-noticias"],"acf":[],"_links":{"self":[{"href":"http:\/\/www.cudecoop.coop\/cudecoop\/wp-json\/wp\/v2\/posts\/3525","targetHints":{"allow":["GET"]}}],"collection":[{"href":"http:\/\/www.cudecoop.coop\/cudecoop\/wp-json\/wp\/v2\/posts"}],"about":[{"href":"http:\/\/www.cudecoop.coop\/cudecoop\/wp-json\/wp\/v2\/types\/post"}],"author":[{"embeddable":true,"href":"http:\/\/www.cudecoop.coop\/cudecoop\/wp-json\/wp\/v2\/users\/27"}],"replies":[{"embeddable":true,"href":"http:\/\/www.cudecoop.coop\/cudecoop\/wp-json\/wp\/v2\/comments?post=3525"}],"version-history":[{"count":1,"href":"http:\/\/www.cudecoop.coop\/cudecoop\/wp-json\/wp\/v2\/posts\/3525\/revisions"}],"predecessor-version":[{"id":3527,"href":"http:\/\/www.cudecoop.coop\/cudecoop\/wp-json\/wp\/v2\/posts\/3525\/revisions\/3527"}],"wp:featuredmedia":[{"embeddable":true,"href":"http:\/\/www.cudecoop.coop\/cudecoop\/wp-json\/wp\/v2\/media\/3526"}],"wp:attachment":[{"href":"http:\/\/www.cudecoop.coop\/cudecoop\/wp-json\/wp\/v2\/media?parent=3525"}],"wp:term":[{"taxonomy":"category","embeddable":true,"href":"http:\/\/www.cudecoop.coop\/cudecoop\/wp-json\/wp\/v2\/categories?post=3525"},{"taxonomy":"post_tag","embeddable":true,"href":"http:\/\/www.cudecoop.coop\/cudecoop\/wp-json\/wp\/v2\/tags?post=3525"}],"curies":[{"name":"wp","href":"https:\/\/api.w.org\/{rel}","templated":true}]}}