{"id":3522,"date":"2021-06-08T20:42:09","date_gmt":"2021-06-08T20:42:09","guid":{"rendered":"http:\/\/www.cudecoop.coop\/cudecoop\/?p=3522"},"modified":"2021-06-08T20:42:09","modified_gmt":"2021-06-08T20:42:09","slug":"convocatoria-a-asamblea-general-ordinaria-de-cudecoop","status":"publish","type":"post","link":"http:\/\/www.cudecoop.coop\/cudecoop\/convocatoria-a-asamblea-general-ordinaria-de-cudecoop\/","title":{"rendered":"CONVOCATORIA A ASAMBLEA GENERAL ORDINARIA DE CUDECOOP"},"content":{"rendered":"<p style=\"font-weight: 400;\"><strong>LLAMADO ASAMBLEA GENERAL ORDINARIA 2021<\/strong><\/p>\n<p style=\"font-weight: 400;\">El Consejo Directivo de la Confederaci\u00f3n Uruguaya de Entidades Cooperativas, cumpliendo con los art\u00edculos 28 y 30 de sus estatutos, convoca a sus asociados a la Asamblea General Ordinaria a realizarse el d\u00eda 30 de junio de 2021 a distancia, a trav\u00e9s de la plataforma zoom (pedir datos de conexi\u00f3n en la secretar\u00eda de CUDECOOP.<\/p>\n<p style=\"font-weight: 400;\">&nbsp;<\/p>\n<p style=\"font-weight: 400;\"><strong>Orden del D\u00eda:<\/strong><\/p>\n<ol>\n<li style=\"font-weight: 400;\">Consideraci\u00f3n del Acta anterior<\/li>\n<li style=\"font-weight: 400;\">Informe de la Comisi\u00f3n Fiscal<\/li>\n<li style=\"font-weight: 400;\">Memoria Anual Ejercicio 2020<\/li>\n<li style=\"font-weight: 400;\">Estados Contables Ejercicio 2020<\/li>\n<li style=\"font-weight: 400;\">Distribuci\u00f3n de excedentes o financiaci\u00f3n de p\u00e9rdidas<\/li>\n<li style=\"font-weight: 400;\">Fijaci\u00f3n de pol\u00edticas y planes para el nuevo ejercicio<\/li>\n<\/ol>\n<p style=\"font-weight: 400;\">1\u00aa Convocatoria \u2013 hora 16:30<\/p>\n<p style=\"font-weight: 400;\">2\u00aa Convocatoria \u2013 hora 17:30<\/p>\n","protected":false},"excerpt":{"rendered":"<p>LLAMADO ASAMBLEA GENERAL ORDINARIA 2021 El Consejo Directivo de la Confederaci\u00f3n Uruguaya de Entidades Cooperativas, cumpliendo con los art\u00edculos 28 y 30 de sus estatutos, convoca a sus asociados a la Asamblea General Ordinaria a realizarse el d\u00eda 30 de junio de 2021 a distancia, a trav\u00e9s de la plataforma zoom (pedir datos de conexi\u00f3n en la secretar\u00eda de CUDECOOP. &nbsp; Orden del D\u00eda: Consideraci\u00f3n del Acta anterior Informe de la Comisi\u00f3n Fiscal Memoria Anual Ejercicio 2020 Estados Contables Ejercicio 2020 Distribuci\u00f3n de excedentes o financiaci\u00f3n de p\u00e9rdidas Fijaci\u00f3n de pol\u00edticas y planes para el nuevo ejercicio 1\u00aa Convocatoria \u2013 [&#8230;]<\/p>\n","protected":false},"author":27,"featured_media":0,"comment_status":"open","ping_status":"open","sticky":false,"template":"","format":"standard","meta":{"_acf_changed":false,"ngg_post_thumbnail":0,"footnotes":""},"categories":[7,6,1],"tags":[],"class_list":["post-3522","post","type-post","status-publish","format-standard","hentry","category-cooperativas","category-institucionales","category-noticias"],"acf":[],"_links":{"self":[{"href":"http:\/\/www.cudecoop.coop\/cudecoop\/wp-json\/wp\/v2\/posts\/3522","targetHints":{"allow":["GET"]}}],"collection":[{"href":"http:\/\/www.cudecoop.coop\/cudecoop\/wp-json\/wp\/v2\/posts"}],"about":[{"href":"http:\/\/www.cudecoop.coop\/cudecoop\/wp-json\/wp\/v2\/types\/post"}],"author":[{"embeddable":true,"href":"http:\/\/www.cudecoop.coop\/cudecoop\/wp-json\/wp\/v2\/users\/27"}],"replies":[{"embeddable":true,"href":"http:\/\/www.cudecoop.coop\/cudecoop\/wp-json\/wp\/v2\/comments?post=3522"}],"version-history":[{"count":1,"href":"http:\/\/www.cudecoop.coop\/cudecoop\/wp-json\/wp\/v2\/posts\/3522\/revisions"}],"predecessor-version":[{"id":3523,"href":"http:\/\/www.cudecoop.coop\/cudecoop\/wp-json\/wp\/v2\/posts\/3522\/revisions\/3523"}],"wp:attachment":[{"href":"http:\/\/www.cudecoop.coop\/cudecoop\/wp-json\/wp\/v2\/media?parent=3522"}],"wp:term":[{"taxonomy":"category","embeddable":true,"href":"http:\/\/www.cudecoop.coop\/cudecoop\/wp-json\/wp\/v2\/categories?post=3522"},{"taxonomy":"post_tag","embeddable":true,"href":"http:\/\/www.cudecoop.coop\/cudecoop\/wp-json\/wp\/v2\/tags?post=3522"}],"curies":[{"name":"wp","href":"https:\/\/api.w.org\/{rel}","templated":true}]}}