{"id":3520,"date":"2021-06-02T18:29:10","date_gmt":"2021-06-02T18:29:10","guid":{"rendered":"http:\/\/www.cudecoop.coop\/cudecoop\/?p=3520"},"modified":"2021-06-02T18:29:10","modified_gmt":"2021-06-02T18:29:10","slug":"33-aniversario-de-cudecoop","status":"publish","type":"post","link":"http:\/\/www.cudecoop.coop\/cudecoop\/33-aniversario-de-cudecoop\/","title":{"rendered":"33 aniversario de CUDECOOP"},"content":{"rendered":"<p>Hoy 2 de junio de 2021 nuestra Confederaci\u00f3n cumple su 33 aniversario.<br \/>\nY lo hace en un momento especialmente dif\u00edcil para muchos de nuestras asociadas&nbsp;que enfrentan los efectos directos e indirectos de una pandemia que se ha trasladado&nbsp;de lo sanitario a lo laboral, lo econ\u00f3mico y lo social.<br \/>\nEs por ello que nuestro mensaje en esta fecha apela a redoblar nuestra labor con&nbsp;nuestr@s asociad@s y nuestras comunidades, centrados en nuestros principios de&nbsp;SOLIDARIDAD y AYUDA MUTUA.<br \/>\nMuchas familias, muchas cooperativas, hoy requieren de una acci\u00f3n comprometida de&nbsp;sus organizaciones hermanas, de sus organizaciones de representaci\u00f3n, y es por ello&nbsp;que desde CUDECOOP alentamos a profundizar nuestra cooperaci\u00f3n, unidos para&nbsp;poder salir de esta situaci\u00f3n mucho m\u00e1s fuertes.<br \/>\nLas cooperativas sabemos de sortear escenarios dif\u00edciles. Esta no ser\u00e1 la excepci\u00f3n.<br \/>\nReconstruiremos mejor juntos!!<br \/>\nFELIZ ANIVERSARIO!!<\/p>\n<p>&nbsp;<\/p>\n<p><iframe loading=\"lazy\" title=\"33 aniversario de CUDECOOP\" width=\"525\" height=\"295\" src=\"https:\/\/www.youtube.com\/embed\/bI3wgaFd4G8?feature=oembed\" frameborder=\"0\" allow=\"accelerometer; autoplay; clipboard-write; encrypted-media; gyroscope; picture-in-picture; web-share\" referrerpolicy=\"strict-origin-when-cross-origin\" allowfullscreen><\/iframe><\/p>\n","protected":false},"excerpt":{"rendered":"<p>Hoy 2 de junio de 2021 nuestra Confederaci\u00f3n cumple su 33 aniversario.<br \/> Y lo hace en un momento especialmente dif\u00edcil para muchos de nuestras asociadas&nbsp;que enfrentan los efectos directos e indirectos de una pandemia que se ha trasladado&nbsp;de lo sanitario a lo laboral, lo econ\u00f3mico y lo social.<br \/> Es por ello que nuestro mensaje en esta fecha apela a redoblar nuestra labor con&nbsp;nuestr@s asociad@s y nuestras comunidades, centrados en nuestros principios de&nbsp;SOLIDARIDAD y AYUDA MUTUA.<br \/> Muchas familias, muchas cooperativas, hoy requieren de una acci\u00f3n comprometida de&nbsp;sus organizaciones hermanas, de sus organizaciones de representaci\u00f3n, y es por ello&nbsp;que [&#8230;]<\/p>\n","protected":false},"author":27,"featured_media":0,"comment_status":"open","ping_status":"open","sticky":false,"template":"","format":"standard","meta":{"_acf_changed":false,"ngg_post_thumbnail":0,"footnotes":""},"categories":[7,6,1],"tags":[],"class_list":["post-3520","post","type-post","status-publish","format-standard","hentry","category-cooperativas","category-institucionales","category-noticias"],"acf":[],"_links":{"self":[{"href":"http:\/\/www.cudecoop.coop\/cudecoop\/wp-json\/wp\/v2\/posts\/3520","targetHints":{"allow":["GET"]}}],"collection":[{"href":"http:\/\/www.cudecoop.coop\/cudecoop\/wp-json\/wp\/v2\/posts"}],"about":[{"href":"http:\/\/www.cudecoop.coop\/cudecoop\/wp-json\/wp\/v2\/types\/post"}],"author":[{"embeddable":true,"href":"http:\/\/www.cudecoop.coop\/cudecoop\/wp-json\/wp\/v2\/users\/27"}],"replies":[{"embeddable":true,"href":"http:\/\/www.cudecoop.coop\/cudecoop\/wp-json\/wp\/v2\/comments?post=3520"}],"version-history":[{"count":1,"href":"http:\/\/www.cudecoop.coop\/cudecoop\/wp-json\/wp\/v2\/posts\/3520\/revisions"}],"predecessor-version":[{"id":3521,"href":"http:\/\/www.cudecoop.coop\/cudecoop\/wp-json\/wp\/v2\/posts\/3520\/revisions\/3521"}],"wp:attachment":[{"href":"http:\/\/www.cudecoop.coop\/cudecoop\/wp-json\/wp\/v2\/media?parent=3520"}],"wp:term":[{"taxonomy":"category","embeddable":true,"href":"http:\/\/www.cudecoop.coop\/cudecoop\/wp-json\/wp\/v2\/categories?post=3520"},{"taxonomy":"post_tag","embeddable":true,"href":"http:\/\/www.cudecoop.coop\/cudecoop\/wp-json\/wp\/v2\/tags?post=3520"}],"curies":[{"name":"wp","href":"https:\/\/api.w.org\/{rel}","templated":true}]}}