{"id":3514,"date":"2021-05-14T18:28:02","date_gmt":"2021-05-14T18:28:02","guid":{"rendered":"http:\/\/www.cudecoop.coop\/cudecoop\/?p=3514"},"modified":"2021-05-14T18:28:47","modified_gmt":"2021-05-14T18:28:47","slug":"3514-2","status":"publish","type":"post","link":"http:\/\/www.cudecoop.coop\/cudecoop\/3514-2\/","title":{"rendered":"Se Realiz\u00f3 el lanzamiento de Mercedes Capital del cooperativismo 2021"},"content":{"rendered":"<p>El jueves 13 de mayo se realiz\u00f3 el lanzamiento de Mercedes Capital Nacional del Cooperativismo 2021, en el departamento de Soriano.&nbsp;<\/p>\n<p>En el mismo participaron, con estrictas medidas sanitarias,&nbsp;el intendente de Soriano, Guillermo Besozzi; el presidente de la Junta Departamental de Soriano, Ra\u00fal Bruno; la presidenta de la Confederaci\u00f3n Uruguaya de Entidades Cooperativas (CUDECOOP), Alicia Maneiro y el presidente del Instituto Nacional del Cooperativismo (INACOOP), Mart\u00edn Fern\u00e1ndez.<br \/>\n\u200b<br \/>\nLas autoridades destacaron la relevancia del cooperativismo en el Departamento de Soriano, siendo que en el mismo se cuenta con cooperativas hist\u00f3ricas y emblem\u00e1ticas de nuestro pa\u00eds, y tambi\u00e9n con las m\u00e1s nuevas que dan cuenta del crecimiento cooperativo en el Departamento.&nbsp;<\/p>\n<p>Por otro lado, en la apertura se present\u00f3 el video Capitales Cooperativas Uruguay que busca comentar de qu\u00e9 se trata celebrar cada a\u00f1o una nueva capital cooperativa, el video lo pueden ver aqu\u00ed:&nbsp;<\/p>\n<p><iframe loading=\"lazy\" title=\"Capitales cooperativas URUGUAY\" width=\"525\" height=\"295\" src=\"https:\/\/www.youtube.com\/embed\/YhJymvSwDAk?feature=oembed\" frameborder=\"0\" allow=\"accelerometer; autoplay; clipboard-write; encrypted-media; gyroscope; picture-in-picture; web-share\" referrerpolicy=\"strict-origin-when-cross-origin\" allowfullscreen><\/iframe><\/p>\n<p>Tambi\u00e9n se present\u00f3 el video que presenta a Mercedes Capital del cooperativismo 2021, el cual queda&nbsp;<a href=\"https:\/\/www.facebook.com\/intendenciasoriano\/videos\/297020185222200\/\" target=\"_blank\" rel=\"noopener\">aqu\u00ed<\/a><\/p>\n<p>Durante el evento, la presidenta de CUDECOOP anunci\u00f3 que se est\u00e1 trabajando en el Departamento para la conformaci\u00f3n de la Mesa intercooperativa de Soriano, para lo cual se abri\u00f3 recientemente el llamado a promotor\/a del Departamento para trabajar con las cooperativas locales.<br \/>\nEl llamado puede verse&nbsp;<a href=\"http:\/\/www.cudecoop.coop\/cudecoop\/llamado-a-promotor-a-de-soriano\/\" target=\"_blank\" rel=\"noopener\">aqu\u00ed<\/a><\/p>\n<p><span style=\"font-size: 1rem;\">Muy pronto ampliaremos informaci\u00f3n sobre la agenda de actividades en Soriano, en el marco de Mercedes Capital del cooperativismo 2021.<\/span><\/p>\n<p>Dejamos&nbsp;<a href=\"https:\/\/www.facebook.com\/intendenciasoriano\/videos\/297020185222200\/\">aqu\u00ed<\/a>&nbsp;la grabaci\u00f3n del evento.<\/p>\n","protected":false},"excerpt":{"rendered":"<p>El jueves 13 de mayo se realiz\u00f3 el lanzamiento de Mercedes Capital Nacional del Cooperativismo 2021, en el departamento de Soriano.&nbsp; En el mismo participaron, con estrictas medidas sanitarias,&nbsp;el intendente de Soriano, Guillermo Besozzi; el presidente de la Junta Departamental de Soriano, Ra\u00fal Bruno; la presidenta de la Confederaci\u00f3n Uruguaya de Entidades Cooperativas (CUDECOOP), Alicia Maneiro y el presidente del Instituto Nacional del Cooperativismo (INACOOP), Mart\u00edn Fern\u00e1ndez.<br \/> \u200b<br \/> Las autoridades destacaron la relevancia del cooperativismo en el Departamento de Soriano, siendo que en el mismo se cuenta con cooperativas hist\u00f3ricas y emblem\u00e1ticas de nuestro pa\u00eds, y tambi\u00e9n con [&#8230;]<\/p>\n","protected":false},"author":27,"featured_media":3516,"comment_status":"open","ping_status":"open","sticky":false,"template":"","format":"standard","meta":{"_acf_changed":false,"ngg_post_thumbnail":0,"footnotes":""},"categories":[7,6,1],"tags":[],"class_list":["post-3514","post","type-post","status-publish","format-standard","has-post-thumbnail","hentry","category-cooperativas","category-institucionales","category-noticias"],"acf":[],"_links":{"self":[{"href":"http:\/\/www.cudecoop.coop\/cudecoop\/wp-json\/wp\/v2\/posts\/3514","targetHints":{"allow":["GET"]}}],"collection":[{"href":"http:\/\/www.cudecoop.coop\/cudecoop\/wp-json\/wp\/v2\/posts"}],"about":[{"href":"http:\/\/www.cudecoop.coop\/cudecoop\/wp-json\/wp\/v2\/types\/post"}],"author":[{"embeddable":true,"href":"http:\/\/www.cudecoop.coop\/cudecoop\/wp-json\/wp\/v2\/users\/27"}],"replies":[{"embeddable":true,"href":"http:\/\/www.cudecoop.coop\/cudecoop\/wp-json\/wp\/v2\/comments?post=3514"}],"version-history":[{"count":2,"href":"http:\/\/www.cudecoop.coop\/cudecoop\/wp-json\/wp\/v2\/posts\/3514\/revisions"}],"predecessor-version":[{"id":3518,"href":"http:\/\/www.cudecoop.coop\/cudecoop\/wp-json\/wp\/v2\/posts\/3514\/revisions\/3518"}],"wp:featuredmedia":[{"embeddable":true,"href":"http:\/\/www.cudecoop.coop\/cudecoop\/wp-json\/wp\/v2\/media\/3516"}],"wp:attachment":[{"href":"http:\/\/www.cudecoop.coop\/cudecoop\/wp-json\/wp\/v2\/media?parent=3514"}],"wp:term":[{"taxonomy":"category","embeddable":true,"href":"http:\/\/www.cudecoop.coop\/cudecoop\/wp-json\/wp\/v2\/categories?post=3514"},{"taxonomy":"post_tag","embeddable":true,"href":"http:\/\/www.cudecoop.coop\/cudecoop\/wp-json\/wp\/v2\/tags?post=3514"}],"curies":[{"name":"wp","href":"https:\/\/api.w.org\/{rel}","templated":true}]}}