{"id":3506,"date":"2021-05-11T16:15:53","date_gmt":"2021-05-11T16:15:53","guid":{"rendered":"http:\/\/www.cudecoop.coop\/cudecoop\/?p=3506"},"modified":"2021-05-11T16:15:53","modified_gmt":"2021-05-11T16:15:53","slug":"lanzamiento-de-mercedes-capital-nacional-del-cooperativismo-2021","status":"publish","type":"post","link":"http:\/\/www.cudecoop.coop\/cudecoop\/lanzamiento-de-mercedes-capital-nacional-del-cooperativismo-2021\/","title":{"rendered":"Lanzamiento de Mercedes Capital Nacional del Cooperativismo 2021"},"content":{"rendered":"<p class=\"m_-644735394770419724rb m_-644735394770419724vb\"><span class=\"m_-644735394770419724rb m_-644735394770419724vb\">El jueves 13 de mayo se realizar\u00e1 el lanzamiento de Mercedes Capital Nacional del Cooperativismo 2021.<\/span><\/p>\n<p id=\"viewer-cs2tn\" class=\"XzvDs _208Ie _247b9 _2QAo- _25MYV eaHbJ _247b9 public-DraftStyleDefault-block-depth0 public-DraftStyleDefault-text-ltr\"><span class=\"vkIF2 public-DraftStyleDefault-ltr\">Participar\u00e1n, el intendente de Soriano, Guillermo Besozzi; el presidente de la Junta Departamental de Soriano, Ra\u00fal Bruno; la presidenta de la Confederaci\u00f3n Uruguaya de Entidades Cooperativas (CUDECOOP), Alicia Maneiro y el presidente del Instituto Nacional del Cooperativismo (INACOOP), Mart\u00edn Fern\u00e1ndez.<\/span><\/p>\n<p class=\"m_-644735394770419724rb m_-644735394770419724vb\"><span class=\"m_-644735394770419724sb m_-644735394770419724wb\">Ser\u00e1 a las 11.00 horas y podr\u00e1 verse en vivo a trav\u00e9s de la cuenta de Facebook de la Intendencia de Soriano:&nbsp;<a href=\"https:\/\/www.facebook.com\/intendenciasoriano\" target=\"_blank\" rel=\"noopener\" data-saferedirecturl=\"https:\/\/www.google.com\/url?q=https:\/\/www.facebook.com\/intendenciasoriano&amp;source=gmail&amp;ust=1620825986450000&amp;usg=AFQjCNHlagSbGfvCwj56TlRepVMxkMFXcQ\">https:\/\/www.facebook.com\/<wbr>intendenciasoriano<\/a>.<\/span><\/p>\n","protected":false},"excerpt":{"rendered":"<p>El jueves 13 de mayo se realizar\u00e1 el lanzamiento de Mercedes Capital Nacional del Cooperativismo 2021. Participar\u00e1n, el intendente de Soriano, Guillermo Besozzi; el presidente de la Junta Departamental de Soriano, Ra\u00fal Bruno; la presidenta de la Confederaci\u00f3n Uruguaya de Entidades Cooperativas (CUDECOOP), Alicia Maneiro y el presidente del Instituto Nacional del Cooperativismo (INACOOP), Mart\u00edn Fern\u00e1ndez. Ser\u00e1 a las 11.00 horas y podr\u00e1 verse en vivo a trav\u00e9s de la cuenta de Facebook de la Intendencia de [&#8230;]<\/p>\n","protected":false},"author":27,"featured_media":3507,"comment_status":"open","ping_status":"open","sticky":false,"template":"","format":"standard","meta":{"_acf_changed":false,"ngg_post_thumbnail":0,"footnotes":""},"categories":[7,6,1],"tags":[],"class_list":["post-3506","post","type-post","status-publish","format-standard","has-post-thumbnail","hentry","category-cooperativas","category-institucionales","category-noticias"],"acf":[],"_links":{"self":[{"href":"http:\/\/www.cudecoop.coop\/cudecoop\/wp-json\/wp\/v2\/posts\/3506","targetHints":{"allow":["GET"]}}],"collection":[{"href":"http:\/\/www.cudecoop.coop\/cudecoop\/wp-json\/wp\/v2\/posts"}],"about":[{"href":"http:\/\/www.cudecoop.coop\/cudecoop\/wp-json\/wp\/v2\/types\/post"}],"author":[{"embeddable":true,"href":"http:\/\/www.cudecoop.coop\/cudecoop\/wp-json\/wp\/v2\/users\/27"}],"replies":[{"embeddable":true,"href":"http:\/\/www.cudecoop.coop\/cudecoop\/wp-json\/wp\/v2\/comments?post=3506"}],"version-history":[{"count":1,"href":"http:\/\/www.cudecoop.coop\/cudecoop\/wp-json\/wp\/v2\/posts\/3506\/revisions"}],"predecessor-version":[{"id":3508,"href":"http:\/\/www.cudecoop.coop\/cudecoop\/wp-json\/wp\/v2\/posts\/3506\/revisions\/3508"}],"wp:featuredmedia":[{"embeddable":true,"href":"http:\/\/www.cudecoop.coop\/cudecoop\/wp-json\/wp\/v2\/media\/3507"}],"wp:attachment":[{"href":"http:\/\/www.cudecoop.coop\/cudecoop\/wp-json\/wp\/v2\/media?parent=3506"}],"wp:term":[{"taxonomy":"category","embeddable":true,"href":"http:\/\/www.cudecoop.coop\/cudecoop\/wp-json\/wp\/v2\/categories?post=3506"},{"taxonomy":"post_tag","embeddable":true,"href":"http:\/\/www.cudecoop.coop\/cudecoop\/wp-json\/wp\/v2\/tags?post=3506"}],"curies":[{"name":"wp","href":"https:\/\/api.w.org\/{rel}","templated":true}]}}