{"id":3503,"date":"2021-05-06T19:57:06","date_gmt":"2021-05-06T19:57:06","guid":{"rendered":"http:\/\/www.cudecoop.coop\/cudecoop\/?p=3503"},"modified":"2021-05-06T19:57:06","modified_gmt":"2021-05-06T19:57:06","slug":"llamado-a-ejecutivo-de-proyectos-para-incubacoop","status":"publish","type":"post","link":"http:\/\/www.cudecoop.coop\/cudecoop\/llamado-a-ejecutivo-de-proyectos-para-incubacoop\/","title":{"rendered":"Llamado a Ejecutivo de Proyectos para INCUBACOOP"},"content":{"rendered":"<p>Se encuentra abierto el llamado a Ejecutivo de Proyectos para el proyecto de Incubadora de Emprendimientos Cooperativos en Sectores Estrat\u00e9gicos o de Oportunidad \u2013 INCUBACOOP.<\/p>\n<p>Los interesados deber\u00e1n enviar su postulaci\u00f3n a: <a href=\"mailto:comunicacion@incubacoop.org.uy\">comunicacion@incubacoop.org.uy<\/a> <u>hasta al 16 de mayo (inclusive).<\/u><\/p>\n<p>Deben incluir el CV y las motivaciones para realizar el trabajo.<\/p>\n<p>Se evaluar\u00e1n las postulaciones y a los seleccionados \u00fanicamente se los convocar\u00e1 a una entrevista.<\/p>\n<p>No se considerar\u00e1n las postulaciones que no cumplan con los requisitos solicitados.<\/p>\n<p>&nbsp;<\/p>\n<p>T\u00e9rminos de referencia:<\/p>\n<p>&nbsp;<a href=\"http:\/\/www.cudecoop.coop\/cudecoop\/wp-content\/uploads\/2021\/05\/llamado-Ejecutivo-de-proyectos.docx\">llamado Ejecutivo de proyectos<\/a><\/p>\n","protected":false},"excerpt":{"rendered":"<p>Se encuentra abierto el llamado a Ejecutivo de Proyectos para el proyecto de Incubadora de Emprendimientos Cooperativos en Sectores Estrat\u00e9gicos o de Oportunidad \u2013 INCUBACOOP. Los interesados deber\u00e1n enviar su postulaci\u00f3n a: comunicacion@incubacoop.org.uy hasta al 16 de mayo (inclusive). Deben incluir el CV y las motivaciones para realizar el trabajo. Se evaluar\u00e1n las postulaciones y a los seleccionados \u00fanicamente se los convocar\u00e1 a una entrevista. No se considerar\u00e1n las postulaciones que no cumplan con los requisitos solicitados. &nbsp; T\u00e9rminos de referencia: &nbsp;llamado Ejecutivo de [&#8230;]<\/p>\n","protected":false},"author":27,"featured_media":0,"comment_status":"open","ping_status":"open","sticky":false,"template":"","format":"standard","meta":{"_acf_changed":false,"ngg_post_thumbnail":0,"footnotes":""},"categories":[7,6,1],"tags":[],"class_list":["post-3503","post","type-post","status-publish","format-standard","hentry","category-cooperativas","category-institucionales","category-noticias"],"acf":[],"_links":{"self":[{"href":"http:\/\/www.cudecoop.coop\/cudecoop\/wp-json\/wp\/v2\/posts\/3503","targetHints":{"allow":["GET"]}}],"collection":[{"href":"http:\/\/www.cudecoop.coop\/cudecoop\/wp-json\/wp\/v2\/posts"}],"about":[{"href":"http:\/\/www.cudecoop.coop\/cudecoop\/wp-json\/wp\/v2\/types\/post"}],"author":[{"embeddable":true,"href":"http:\/\/www.cudecoop.coop\/cudecoop\/wp-json\/wp\/v2\/users\/27"}],"replies":[{"embeddable":true,"href":"http:\/\/www.cudecoop.coop\/cudecoop\/wp-json\/wp\/v2\/comments?post=3503"}],"version-history":[{"count":1,"href":"http:\/\/www.cudecoop.coop\/cudecoop\/wp-json\/wp\/v2\/posts\/3503\/revisions"}],"predecessor-version":[{"id":3505,"href":"http:\/\/www.cudecoop.coop\/cudecoop\/wp-json\/wp\/v2\/posts\/3503\/revisions\/3505"}],"wp:attachment":[{"href":"http:\/\/www.cudecoop.coop\/cudecoop\/wp-json\/wp\/v2\/media?parent=3503"}],"wp:term":[{"taxonomy":"category","embeddable":true,"href":"http:\/\/www.cudecoop.coop\/cudecoop\/wp-json\/wp\/v2\/categories?post=3503"},{"taxonomy":"post_tag","embeddable":true,"href":"http:\/\/www.cudecoop.coop\/cudecoop\/wp-json\/wp\/v2\/tags?post=3503"}],"curies":[{"name":"wp","href":"https:\/\/api.w.org\/{rel}","templated":true}]}}