{"id":3496,"date":"2021-04-26T14:23:45","date_gmt":"2021-04-26T14:23:45","guid":{"rendered":"http:\/\/www.cudecoop.coop\/cudecoop\/?p=3496"},"modified":"2021-04-26T14:23:45","modified_gmt":"2021-04-26T14:23:45","slug":"programa-de-formacion-cooperativa-procoop-2021","status":"publish","type":"post","link":"http:\/\/www.cudecoop.coop\/cudecoop\/programa-de-formacion-cooperativa-procoop-2021\/","title":{"rendered":"Programa de Formaci\u00f3n Cooperativa &#8211; PROCOOP 2021"},"content":{"rendered":"<p id=\"viewer-foo\" class=\"XzvDs _208Ie ljrnk blog-post-text-font blog-post-text-color _2QAo- _25MYV _1Fao9 ljrnk public-DraftStyleDefault-block-depth0 public-DraftStyleDefault-text-ltr\"><span class=\"vkIF2 public-DraftStyleDefault-ltr\">El 13 de abril, el Instituto Nacional de Empleo y Formaci\u00f3n Profesional (INEFOP) y el Instituto Nacional del Cooperativismo (INACOOP) firmaron un nuevo convenio que permitir\u00e1 la continuidad en 2021 del Programa de Formaci\u00f3n Cooperativa, Procoop.<\/span><\/p>\n<div id=\"viewer-fj60e\" class=\"XzvDs _208Ie ljrnk blog-post-text-font blog-post-text-color _2QAo- _25MYV _1Fao9 ljrnk public-DraftStyleDefault-block-depth0 public-DraftStyleDefault-text-ltr\"><span class=\"vkIF2 public-DraftStyleDefault-ltr\">&nbsp;<\/span><\/div>\n<p id=\"viewer-6mjrk\" class=\"XzvDs _208Ie ljrnk blog-post-text-font blog-post-text-color _2QAo- _25MYV _1Fao9 ljrnk public-DraftStyleDefault-block-depth0 public-DraftStyleDefault-text-ltr\"><span class=\"vkIF2 public-DraftStyleDefault-ltr\">Este acuerdo cuenta con la participaci\u00f3n de la Confederaci\u00f3n Uruguaya de Entidades Cooperativas (CUDECOOP) como socio estrat\u00e9gico. <\/span><\/p>\n<div id=\"viewer-41ag7\" class=\"XzvDs _208Ie ljrnk blog-post-text-font blog-post-text-color _2QAo- _25MYV _1Fao9 ljrnk public-DraftStyleDefault-block-depth0 public-DraftStyleDefault-text-ltr\"><span class=\"vkIF2 public-DraftStyleDefault-ltr\">&nbsp;<\/span><\/div>\n<p id=\"viewer-9eofb\" class=\"XzvDs _208Ie ljrnk blog-post-text-font blog-post-text-color _2QAo- _25MYV _1Fao9 ljrnk public-DraftStyleDefault-block-depth0 public-DraftStyleDefault-text-ltr\"><span class=\"vkIF2 public-DraftStyleDefault-ltr\">INEFOP aportar\u00e1 $ 6:000.000, exclusivamente para capacitaci\u00f3n y asistencia t\u00e9cnicas, e INACOOP $ 1:800.000 para gastos de funcionamiento, locativos, recursos humanos, desarrollo de actividades de coordinaci\u00f3n, evaluaci\u00f3n y monitoreo.<\/span><\/p>\n<div id=\"viewer-3neqh\" class=\"XzvDs _208Ie ljrnk blog-post-text-font blog-post-text-color _2QAo- _25MYV _1Fao9 ljrnk public-DraftStyleDefault-block-depth0 public-DraftStyleDefault-text-ltr\"><span class=\"vkIF2 public-DraftStyleDefault-ltr\">&nbsp;<\/span><\/div>\n<p id=\"viewer-d5c14\" class=\"XzvDs _208Ie ljrnk blog-post-text-font blog-post-text-color _2QAo- _25MYV _1Fao9 ljrnk public-DraftStyleDefault-block-depth0 public-DraftStyleDefault-text-ltr\"><span class=\"vkIF2 public-DraftStyleDefault-ltr\">Para este per\u00edodo, se defini\u00f3 que Procoop atienda la demanda de las cooperativas y organizaciones de la Econom\u00eda Social que est\u00e9n en condiciones de vulnerabilidad y que busquen el mantenimiento y\/o la generaci\u00f3n de empleo, o que se encuentren dentro de los sectores definidos como din\u00e1micos. <\/span><\/p>\n<div id=\"viewer-abqeo\" class=\"XzvDs _208Ie ljrnk blog-post-text-font blog-post-text-color _2QAo- _25MYV _1Fao9 ljrnk public-DraftStyleDefault-block-depth0 public-DraftStyleDefault-text-ltr\"><span class=\"vkIF2 public-DraftStyleDefault-ltr\">&nbsp;<\/span><\/div>\n<p id=\"viewer-1rs7l\" class=\"XzvDs _208Ie ljrnk blog-post-text-font blog-post-text-color _2QAo- _25MYV _1Fao9 ljrnk public-DraftStyleDefault-block-depth0 public-DraftStyleDefault-text-ltr\"><span class=\"vkIF2 public-DraftStyleDefault-ltr\"><strong>Condiciones del convenio <\/strong><\/span><\/p>\n<p id=\"viewer-1ppe5\" class=\"XzvDs _208Ie ljrnk blog-post-text-font blog-post-text-color _2QAo- _25MYV _1Fao9 ljrnk public-DraftStyleDefault-block-depth0 public-DraftStyleDefault-text-ltr\"><span class=\"vkIF2 public-DraftStyleDefault-ltr\">\u2022 El <strong>plazo<\/strong> de recepci\u00f3n de las demandas ser\u00e1 hasta el 30 de julio y se ajustar\u00e1n seg\u00fan la disponibilidad de fondos. Las acciones de formaci\u00f3n se realizar\u00e1n hasta el 30 de noviembre.<\/span><\/p>\n<p id=\"viewer-bd0j4\" class=\"XzvDs _208Ie ljrnk blog-post-text-font blog-post-text-color _2QAo- _25MYV _1Fao9 ljrnk public-DraftStyleDefault-block-depth0 public-DraftStyleDefault-text-ltr\"><span class=\"vkIF2 public-DraftStyleDefault-ltr\">\u2022 Se establece el <strong>tope<\/strong> $ 120.000 de fondos Procoop en el per\u00edodo del convenio por entidad beneficiaria. <\/span><\/p>\n<div id=\"viewer-drvc0\" class=\"XzvDs _208Ie ljrnk blog-post-text-font blog-post-text-color _2QAo- _25MYV _1Fao9 ljrnk public-DraftStyleDefault-block-depth0 public-DraftStyleDefault-text-ltr\"><span class=\"vkIF2 public-DraftStyleDefault-ltr\">&nbsp;<\/span><\/div>\n<p id=\"viewer-7tqn7\" class=\"XzvDs _208Ie ljrnk blog-post-text-font blog-post-text-color _2QAo- _25MYV _1Fao9 ljrnk public-DraftStyleDefault-block-depth0 public-DraftStyleDefault-text-ltr\"><span class=\"vkIF2 public-DraftStyleDefault-ltr\"><strong>Condiciones para la postulaci\u00f3n <\/strong><\/span><\/p>\n<p id=\"viewer-38fpe\" class=\"XzvDs _208Ie ljrnk blog-post-text-font blog-post-text-color _2QAo- _25MYV _1Fao9 ljrnk public-DraftStyleDefault-block-depth0 public-DraftStyleDefault-text-ltr\"><span class=\"vkIF2 public-DraftStyleDefault-ltr\">\u2022 Quienes realicen la solicitud deber\u00e1n fundamentar la necesidad de capacitaci\u00f3n (asociada a condiciones de vulnerabilidad o de pertenencia a sectores din\u00e1micos) a trav\u00e9s del <strong>nuevo Formulario de Solicitud.<\/strong> Se deber\u00e1 especificar si la formaci\u00f3n requerida contribuir\u00e1 a la generaci\u00f3n o sostenimiento del empleo, adem\u00e1s de manifestar las posibilidades de realizar la formaci\u00f3n de manera virtual. Se podr\u00e1n presentar solicitudes asociativas.<\/span><\/p>\n<p id=\"viewer-7sumr\" class=\"XzvDs _208Ie ljrnk blog-post-text-font blog-post-text-color _2QAo- _25MYV _1Fao9 ljrnk public-DraftStyleDefault-block-depth0 public-DraftStyleDefault-text-ltr\"><span class=\"vkIF2 public-DraftStyleDefault-ltr\">\u2022 Se deber\u00e1 presentar una <strong>Carta Aval<\/strong> que incluya el compromiso de la organizaci\u00f3n beneficiaria con el cumplimiento de las condiciones de este convenio. <\/span><\/p>\n<div id=\"viewer-e1ju\" class=\"XzvDs _208Ie ljrnk blog-post-text-font blog-post-text-color _2QAo- _25MYV _1Fao9 ljrnk public-DraftStyleDefault-block-depth0 public-DraftStyleDefault-text-ltr\"><span class=\"vkIF2 public-DraftStyleDefault-ltr\">&nbsp;<\/span><\/div>\n<p id=\"viewer-18niu\" class=\"XzvDs _208Ie ljrnk blog-post-text-font blog-post-text-color _2QAo- _25MYV _1Fao9 ljrnk public-DraftStyleDefault-block-depth0 public-DraftStyleDefault-text-ltr\"><span class=\"vkIF2 public-DraftStyleDefault-ltr\">\u2022 Se establece como condici\u00f3n que las cooperativas est\u00e9n al d\u00eda con <strong>Prestaci\u00f3n Coactiva<\/strong> y que las entidades beneficiarias no cooperativas realicen su inscripci\u00f3n en el <a class=\"_2qJYG blog-link-hashtag-color _2xVcV _2E8wo\" href=\"https:\/\/www.inacoop.org.uy\/economia-social-y-solidaria\" target=\"_blank\" rel=\"noopener\"><u class=\"sDZYg\">Registro de la Econom\u00eda Social y Solidaria en INACOOP<\/u><\/a>. <\/span><\/p>\n<div id=\"viewer-cq2i\" class=\"XzvDs _208Ie ljrnk blog-post-text-font blog-post-text-color _2QAo- _25MYV _1Fao9 ljrnk public-DraftStyleDefault-block-depth0 public-DraftStyleDefault-text-ltr\"><span class=\"vkIF2 public-DraftStyleDefault-ltr\">&nbsp;<\/span><\/div>\n<p id=\"viewer-87s8l\" class=\"XzvDs _208Ie ljrnk blog-post-text-font blog-post-text-color _2QAo- _25MYV _1Fao9 ljrnk public-DraftStyleDefault-block-depth0 public-DraftStyleDefault-text-ltr\"><span class=\"vkIF2 public-DraftStyleDefault-ltr\">\u2022 La atenci\u00f3n de <strong>grupos precooperativos <\/strong>ser\u00e1 considerada en caso que el colectivo tenga definido conformar una cooperativa y haya presentado al registro sus estatutos (cooperativa en formaci\u00f3n). <\/span><\/p>\n<div id=\"viewer-b1rbu\" class=\"XzvDs _208Ie ljrnk blog-post-text-font blog-post-text-color _2QAo- _25MYV _1Fao9 ljrnk public-DraftStyleDefault-block-depth0 public-DraftStyleDefault-text-ltr\"><span class=\"vkIF2 public-DraftStyleDefault-ltr\">&nbsp;<\/span><\/div>\n<p id=\"viewer-3iptf\" class=\"XzvDs _208Ie ljrnk blog-post-text-font blog-post-text-color _2QAo- _25MYV _1Fao9 ljrnk public-DraftStyleDefault-block-depth0 public-DraftStyleDefault-text-ltr\"><span class=\"vkIF2 public-DraftStyleDefault-ltr\">\u2022 Las <strong>Entidades de Capacitaci\u00f3n (ECAs) y Consultores que no est\u00e9n <\/strong>registrados podr\u00e1n participar del Programa present\u00e1ndose con una cooperativa con subsidio parcial.<\/span><\/p>\n<div id=\"viewer-83bfa\" class=\"XzvDs _208Ie ljrnk blog-post-text-font blog-post-text-color _2QAo- _25MYV _1Fao9 ljrnk public-DraftStyleDefault-block-depth0 public-DraftStyleDefault-text-ltr\"><span class=\"vkIF2 public-DraftStyleDefault-ltr\">&nbsp;<\/span><\/div>\n<p id=\"viewer-49tst\" class=\"XzvDs _208Ie ljrnk blog-post-text-font blog-post-text-color _2QAo- _25MYV _1Fao9 ljrnk public-DraftStyleDefault-block-depth0 public-DraftStyleDefault-text-ltr\"><span class=\"vkIF2 public-DraftStyleDefault-ltr\">Vale aclarar que el <strong>Manual de Procedimientos<\/strong> contiene los ajustes de la reglamentaci\u00f3n (no var\u00eda la escala de subsidios establecida). El <strong>Instructivo de Rendiciones<\/strong> contin\u00faa vigente con los ajustes mencionados en plazos, topes y montos. <\/span><\/p>\n<div id=\"viewer-5id93\" class=\"XzvDs _208Ie ljrnk blog-post-text-font blog-post-text-color _2QAo- _25MYV _1Fao9 ljrnk public-DraftStyleDefault-block-depth0 public-DraftStyleDefault-text-ltr\"><span class=\"vkIF2 public-DraftStyleDefault-ltr\">&nbsp;<\/span><\/div>\n<p id=\"viewer-5hbci\" class=\"XzvDs _208Ie ljrnk blog-post-text-font blog-post-text-color _2QAo- _25MYV _1Fao9 ljrnk public-DraftStyleDefault-block-depth0 public-DraftStyleDefault-text-ltr\"><span class=\"vkIF2 public-DraftStyleDefault-ltr\"><a class=\"_2qJYG blog-link-hashtag-color _2xVcV _2E8wo\" href=\"https:\/\/www.inacoop.org.uy\/procoop\" target=\"_blank\" rel=\"noopener\"><u class=\"sDZYg\">Acceder a los documentos para la solicitud del Procoop aqu\u00ed <\/u><\/a><\/span><\/p>\n<div id=\"viewer-52gv3\" class=\"XzvDs _208Ie ljrnk blog-post-text-font blog-post-text-color _2QAo- _25MYV _1Fao9 ljrnk public-DraftStyleDefault-block-depth0 public-DraftStyleDefault-text-ltr\"><span class=\"vkIF2 public-DraftStyleDefault-ltr\">&nbsp;<\/span><\/div>\n<p id=\"viewer-aukst\" class=\"XzvDs _208Ie ljrnk blog-post-text-font blog-post-text-color _2QAo- _25MYV _1Fao9 ljrnk public-DraftStyleDefault-block-depth0 public-DraftStyleDefault-text-ltr\"><span class=\"vkIF2 public-DraftStyleDefault-ltr\">Las condiciones del actual convenio se establecieron para el per\u00edodo 2021, en tanto INEFOP e INACOOP no definan nuevos acuerdos con mayores plazos. <\/span><\/p>\n","protected":false},"excerpt":{"rendered":"<p>El 13 de abril, el Instituto Nacional de Empleo y Formaci\u00f3n Profesional (INEFOP) y el Instituto Nacional del Cooperativismo (INACOOP) firmaron un nuevo convenio que permitir\u00e1 la continuidad en 2021 del Programa de Formaci\u00f3n Cooperativa, Procoop. &nbsp; Este acuerdo cuenta con la participaci\u00f3n de la Confederaci\u00f3n Uruguaya de Entidades Cooperativas (CUDECOOP) como socio estrat\u00e9gico. &nbsp; INEFOP aportar\u00e1 $ 6:000.000, exclusivamente para capacitaci\u00f3n y asistencia t\u00e9cnicas, e INACOOP $ 1:800.000 para gastos de funcionamiento, locativos, recursos humanos, desarrollo de actividades de coordinaci\u00f3n, evaluaci\u00f3n y monitoreo. &nbsp; Para este per\u00edodo, se defini\u00f3 que Procoop atienda la demanda de las cooperativas y organizaciones [&#8230;]<\/p>\n","protected":false},"author":27,"featured_media":3498,"comment_status":"open","ping_status":"open","sticky":false,"template":"","format":"standard","meta":{"_acf_changed":false,"ngg_post_thumbnail":0,"footnotes":""},"categories":[7,6,1],"tags":[],"class_list":["post-3496","post","type-post","status-publish","format-standard","has-post-thumbnail","hentry","category-cooperativas","category-institucionales","category-noticias"],"acf":[],"_links":{"self":[{"href":"http:\/\/www.cudecoop.coop\/cudecoop\/wp-json\/wp\/v2\/posts\/3496","targetHints":{"allow":["GET"]}}],"collection":[{"href":"http:\/\/www.cudecoop.coop\/cudecoop\/wp-json\/wp\/v2\/posts"}],"about":[{"href":"http:\/\/www.cudecoop.coop\/cudecoop\/wp-json\/wp\/v2\/types\/post"}],"author":[{"embeddable":true,"href":"http:\/\/www.cudecoop.coop\/cudecoop\/wp-json\/wp\/v2\/users\/27"}],"replies":[{"embeddable":true,"href":"http:\/\/www.cudecoop.coop\/cudecoop\/wp-json\/wp\/v2\/comments?post=3496"}],"version-history":[{"count":1,"href":"http:\/\/www.cudecoop.coop\/cudecoop\/wp-json\/wp\/v2\/posts\/3496\/revisions"}],"predecessor-version":[{"id":3499,"href":"http:\/\/www.cudecoop.coop\/cudecoop\/wp-json\/wp\/v2\/posts\/3496\/revisions\/3499"}],"wp:featuredmedia":[{"embeddable":true,"href":"http:\/\/www.cudecoop.coop\/cudecoop\/wp-json\/wp\/v2\/media\/3498"}],"wp:attachment":[{"href":"http:\/\/www.cudecoop.coop\/cudecoop\/wp-json\/wp\/v2\/media?parent=3496"}],"wp:term":[{"taxonomy":"category","embeddable":true,"href":"http:\/\/www.cudecoop.coop\/cudecoop\/wp-json\/wp\/v2\/categories?post=3496"},{"taxonomy":"post_tag","embeddable":true,"href":"http:\/\/www.cudecoop.coop\/cudecoop\/wp-json\/wp\/v2\/tags?post=3496"}],"curies":[{"name":"wp","href":"https:\/\/api.w.org\/{rel}","templated":true}]}}