{"id":3486,"date":"2021-04-21T19:06:11","date_gmt":"2021-04-21T19:06:11","guid":{"rendered":"http:\/\/www.cudecoop.coop\/cudecoop\/?p=3486"},"modified":"2021-04-21T19:07:40","modified_gmt":"2021-04-21T19:07:40","slug":"ejecutivo-de-cudecoop-se-reunio-con-bancada-del-frente-amplio","status":"publish","type":"post","link":"http:\/\/www.cudecoop.coop\/cudecoop\/ejecutivo-de-cudecoop-se-reunio-con-bancada-del-frente-amplio\/","title":{"rendered":"Ejecutivo de CUDECOOP se reuni\u00f3 con bancada del Frente Amplio"},"content":{"rendered":"<p>El mi\u00e9rcoles 21 de abril, se llev\u00f3 a cabo un encuentro entre el Comit\u00e9 Ejecutivo de la Confederaci\u00f3n y la bancada parlamentaria del Frente Amplio.&nbsp;<\/p>\n<p>Esta bancada viene realizando reuniones para que a partir del intercambio con las organizaciones sociales, realizar aportes en el Parlamento con elementos para la salida de la crisis que se atraviesa.&nbsp;<\/p>\n<p>Desde CUDECOOP les brindamos una&nbsp;evaluaci\u00f3n sobre como el movimiento cooperativo se plant\u00f3 frente a la pandemia en el 2020, desde el cuidado de las cooperativas hacia sus asociadas, funcionarios, y puestos de trabajo. Destacando que las cifras del seguro de paro del cooperativismo son bajas y que no ha habido p\u00e9rdidas en la capacidad laboral. Adem\u00e1s el sector se destac\u00f3 en sus acciones solidarias de intercooperaci\u00f3n para atender a los sectores m\u00e1s afectados por la crisis.&nbsp;<\/p>\n<p>Tambi\u00e9n intercambiamos sobre la co gesti\u00f3n actual en pol\u00edticas p\u00fablicas, cu\u00e1les son las preocupaciones que tenemos en los distintos sectores. El buen relacionamiento que venimos manteniendo con el MTTS e INEFOP, donde a\u00fan no contamos con la posibilidad de voto, y donde se ha afectado a nuestro programa Procoop. En cuanto a INACOOP, tambi\u00e9n tenemos buen v\u00ednculo incluso se mantienen los principales programas para el sector, algunos con menos recursos pero con m\u00e1s plazo. Destacamos adem\u00e1s&nbsp; que se han mantenido los ingresos por prestaci\u00f3n coactiva.<\/p>\n<p>Destacamos que las situaciones m\u00e1s graves se est\u00e1n dando en las cooperativas de trabajo y las sociales, las cuales no cuentan con una pol\u00edtica clara adem\u00e1s de que se est\u00e1 desalentando (sociales). Y las cooperativas de vivienda que tambi\u00e9n se encuentran trancadas por falta de sorteos y firma de escrituras de parte del Ministerio de Vivienda y Ordenamiento Territorial.<\/p>\n<p>&nbsp;<\/p>\n<!-- index.php -->\n<div\n\tclass=\"ngg-galleryoverview\n\t ngg-ajax-pagination-none\t\"\n\tid=\"ngg-gallery-3a3dcf50c59f40045f9d2cf32110a0f4-1\">\n\n\t\t<div class=\"slideshowlink\">\n\t\t<a href='http:\/\/www.cudecoop.coop\/cudecoop\/ejecutivo-de-cudecoop-se-reunio-con-bancada-del-frente-amplio\/nggallery\/slideshow'>[Show slideshow]<\/a>\n\t\t\n\t<\/div>\n\t\t\t<!-- Thumbnails -->\n\t\t\t\t<div id=\"ngg-image-0\" class=\"ngg-gallery-thumbnail-box\" \n\t\t\t\t\t\t\t\t\t\t\t>\n\t\t\t\t\t\t<div class=\"ngg-gallery-thumbnail\">\n\t\t\t<a href=\"http:\/\/www.cudecoop.coop\/cudecoop\/wp-content\/gallery\/reunion-con-bancada-fa\/6fbe52d4-be10-454b-86c4-6dcfefe066af.jpg\"\n\t\t\t\ttitle=\"\"\n\t\t\t\tdata-src=\"http:\/\/www.cudecoop.coop\/cudecoop\/wp-content\/gallery\/reunion-con-bancada-fa\/6fbe52d4-be10-454b-86c4-6dcfefe066af.jpg\"\n\t\t\t\tdata-thumbnail=\"http:\/\/www.cudecoop.coop\/cudecoop\/wp-content\/gallery\/reunion-con-bancada-fa\/thumbs\/thumbs_6fbe52d4-be10-454b-86c4-6dcfefe066af.jpg\"\n\t\t\t\tdata-image-id=\"157\"\n\t\t\t\tdata-title=\"6fbe52d4-be10-454b-86c4-6dcfefe066af\"\n\t\t\t\tdata-description=\"\"\n\t\t\t\tdata-image-slug=\"6fbe52d4-be10-454b-86c4-6dcfefe066af\"\n\t\t\t\tclass=\"ngg-fancybox\" rel=\"3a3dcf50c59f40045f9d2cf32110a0f4\">\n\t\t\t\t<img\n\t\t\t\t\ttitle=\"6fbe52d4-be10-454b-86c4-6dcfefe066af\"\n\t\t\t\t\talt=\"6fbe52d4-be10-454b-86c4-6dcfefe066af\"\n\t\t\t\t\tsrc=\"http:\/\/www.cudecoop.coop\/cudecoop\/wp-content\/gallery\/reunion-con-bancada-fa\/thumbs\/thumbs_6fbe52d4-be10-454b-86c4-6dcfefe066af.jpg\"\n\t\t\t\t\twidth=\"240\"\n\t\t\t\t\theight=\"160\"\n\t\t\t\t\tstyle=\"max-width:100%;\"\n\t\t\t\t\/>\n\t\t\t<\/a>\n\t\t<\/div>\n\t\t\t\t\t\t\t<\/div> \n\t\t\t\n\t\t\n\t\t\t\t<div id=\"ngg-image-1\" class=\"ngg-gallery-thumbnail-box\" \n\t\t\t\t\t\t\t\t\t\t\t>\n\t\t\t\t\t\t<div class=\"ngg-gallery-thumbnail\">\n\t\t\t<a href=\"http:\/\/www.cudecoop.coop\/cudecoop\/wp-content\/gallery\/reunion-con-bancada-fa\/9a37e437-f303-4646-a39b-54b470ff7f53.jpg\"\n\t\t\t\ttitle=\"\"\n\t\t\t\tdata-src=\"http:\/\/www.cudecoop.coop\/cudecoop\/wp-content\/gallery\/reunion-con-bancada-fa\/9a37e437-f303-4646-a39b-54b470ff7f53.jpg\"\n\t\t\t\tdata-thumbnail=\"http:\/\/www.cudecoop.coop\/cudecoop\/wp-content\/gallery\/reunion-con-bancada-fa\/thumbs\/thumbs_9a37e437-f303-4646-a39b-54b470ff7f53.jpg\"\n\t\t\t\tdata-image-id=\"158\"\n\t\t\t\tdata-title=\"9a37e437-f303-4646-a39b-54b470ff7f53\"\n\t\t\t\tdata-description=\"\"\n\t\t\t\tdata-image-slug=\"9a37e437-f303-4646-a39b-54b470ff7f53\"\n\t\t\t\tclass=\"ngg-fancybox\" rel=\"3a3dcf50c59f40045f9d2cf32110a0f4\">\n\t\t\t\t<img\n\t\t\t\t\ttitle=\"9a37e437-f303-4646-a39b-54b470ff7f53\"\n\t\t\t\t\talt=\"9a37e437-f303-4646-a39b-54b470ff7f53\"\n\t\t\t\t\tsrc=\"http:\/\/www.cudecoop.coop\/cudecoop\/wp-content\/gallery\/reunion-con-bancada-fa\/thumbs\/thumbs_9a37e437-f303-4646-a39b-54b470ff7f53.jpg\"\n\t\t\t\t\twidth=\"240\"\n\t\t\t\t\theight=\"160\"\n\t\t\t\t\tstyle=\"max-width:100%;\"\n\t\t\t\t\/>\n\t\t\t<\/a>\n\t\t<\/div>\n\t\t\t\t\t\t\t<\/div> \n\t\t\t\n\t\t\n\t\t\t\t<div id=\"ngg-image-2\" class=\"ngg-gallery-thumbnail-box\" \n\t\t\t\t\t\t\t\t\t\t\t>\n\t\t\t\t\t\t<div class=\"ngg-gallery-thumbnail\">\n\t\t\t<a href=\"http:\/\/www.cudecoop.coop\/cudecoop\/wp-content\/gallery\/reunion-con-bancada-fa\/7118ae71-7e79-4671-a877-cb8a7dc01813.jpg\"\n\t\t\t\ttitle=\"\"\n\t\t\t\tdata-src=\"http:\/\/www.cudecoop.coop\/cudecoop\/wp-content\/gallery\/reunion-con-bancada-fa\/7118ae71-7e79-4671-a877-cb8a7dc01813.jpg\"\n\t\t\t\tdata-thumbnail=\"http:\/\/www.cudecoop.coop\/cudecoop\/wp-content\/gallery\/reunion-con-bancada-fa\/thumbs\/thumbs_7118ae71-7e79-4671-a877-cb8a7dc01813.jpg\"\n\t\t\t\tdata-image-id=\"159\"\n\t\t\t\tdata-title=\"7118ae71-7e79-4671-a877-cb8a7dc01813\"\n\t\t\t\tdata-description=\"\"\n\t\t\t\tdata-image-slug=\"7118ae71-7e79-4671-a877-cb8a7dc01813\"\n\t\t\t\tclass=\"ngg-fancybox\" rel=\"3a3dcf50c59f40045f9d2cf32110a0f4\">\n\t\t\t\t<img\n\t\t\t\t\ttitle=\"7118ae71-7e79-4671-a877-cb8a7dc01813\"\n\t\t\t\t\talt=\"7118ae71-7e79-4671-a877-cb8a7dc01813\"\n\t\t\t\t\tsrc=\"http:\/\/www.cudecoop.coop\/cudecoop\/wp-content\/gallery\/reunion-con-bancada-fa\/thumbs\/thumbs_7118ae71-7e79-4671-a877-cb8a7dc01813.jpg\"\n\t\t\t\t\twidth=\"240\"\n\t\t\t\t\theight=\"160\"\n\t\t\t\t\tstyle=\"max-width:100%;\"\n\t\t\t\t\/>\n\t\t\t<\/a>\n\t\t<\/div>\n\t\t\t\t\t\t\t<\/div> \n\t\t\t\n\t\t\n\t\t\t\t<div id=\"ngg-image-3\" class=\"ngg-gallery-thumbnail-box\" \n\t\t\t\t\t\t\t\t\t\t\t>\n\t\t\t\t\t\t<div class=\"ngg-gallery-thumbnail\">\n\t\t\t<a href=\"http:\/\/www.cudecoop.coop\/cudecoop\/wp-content\/gallery\/reunion-con-bancada-fa\/a358dc14-0268-47a6-af4f-5fe5c2c0204c.jpg\"\n\t\t\t\ttitle=\"\"\n\t\t\t\tdata-src=\"http:\/\/www.cudecoop.coop\/cudecoop\/wp-content\/gallery\/reunion-con-bancada-fa\/a358dc14-0268-47a6-af4f-5fe5c2c0204c.jpg\"\n\t\t\t\tdata-thumbnail=\"http:\/\/www.cudecoop.coop\/cudecoop\/wp-content\/gallery\/reunion-con-bancada-fa\/thumbs\/thumbs_a358dc14-0268-47a6-af4f-5fe5c2c0204c.jpg\"\n\t\t\t\tdata-image-id=\"160\"\n\t\t\t\tdata-title=\"a358dc14-0268-47a6-af4f-5fe5c2c0204c\"\n\t\t\t\tdata-description=\"\"\n\t\t\t\tdata-image-slug=\"a358dc14-0268-47a6-af4f-5fe5c2c0204c\"\n\t\t\t\tclass=\"ngg-fancybox\" rel=\"3a3dcf50c59f40045f9d2cf32110a0f4\">\n\t\t\t\t<img\n\t\t\t\t\ttitle=\"a358dc14-0268-47a6-af4f-5fe5c2c0204c\"\n\t\t\t\t\talt=\"a358dc14-0268-47a6-af4f-5fe5c2c0204c\"\n\t\t\t\t\tsrc=\"http:\/\/www.cudecoop.coop\/cudecoop\/wp-content\/gallery\/reunion-con-bancada-fa\/thumbs\/thumbs_a358dc14-0268-47a6-af4f-5fe5c2c0204c.jpg\"\n\t\t\t\t\twidth=\"240\"\n\t\t\t\t\theight=\"160\"\n\t\t\t\t\tstyle=\"max-width:100%;\"\n\t\t\t\t\/>\n\t\t\t<\/a>\n\t\t<\/div>\n\t\t\t\t\t\t\t<\/div> \n\t\t\t\n\t\t\n\t\t\n\t\t<!-- Pagination -->\n\t\t<div class='ngg-clear'><\/div>\t<\/div>\n\n<p>&nbsp;<\/p>\n","protected":false},"excerpt":{"rendered":"<p>El mi\u00e9rcoles 21 de abril, se llev\u00f3 a cabo un encuentro entre el Comit\u00e9 Ejecutivo de la Confederaci\u00f3n y la bancada parlamentaria del Frente Amplio.&nbsp; Esta bancada viene realizando reuniones para que a partir del intercambio con las organizaciones sociales, realizar aportes en el Parlamento con elementos para la salida de la crisis que se atraviesa.&nbsp; Desde CUDECOOP les brindamos una&nbsp;evaluaci\u00f3n sobre como el movimiento cooperativo se plant\u00f3 frente a la pandemia en el 2020, desde el cuidado de las cooperativas hacia sus asociadas, funcionarios, y puestos de trabajo. Destacando que las cifras del seguro de paro del cooperativismo son [&#8230;]<\/p>\n","protected":false},"author":27,"featured_media":3487,"comment_status":"open","ping_status":"open","sticky":false,"template":"","format":"standard","meta":{"_acf_changed":false,"ngg_post_thumbnail":0,"footnotes":""},"categories":[7,6,1],"tags":[],"class_list":["post-3486","post","type-post","status-publish","format-standard","has-post-thumbnail","hentry","category-cooperativas","category-institucionales","category-noticias"],"acf":[],"_links":{"self":[{"href":"http:\/\/www.cudecoop.coop\/cudecoop\/wp-json\/wp\/v2\/posts\/3486","targetHints":{"allow":["GET"]}}],"collection":[{"href":"http:\/\/www.cudecoop.coop\/cudecoop\/wp-json\/wp\/v2\/posts"}],"about":[{"href":"http:\/\/www.cudecoop.coop\/cudecoop\/wp-json\/wp\/v2\/types\/post"}],"author":[{"embeddable":true,"href":"http:\/\/www.cudecoop.coop\/cudecoop\/wp-json\/wp\/v2\/users\/27"}],"replies":[{"embeddable":true,"href":"http:\/\/www.cudecoop.coop\/cudecoop\/wp-json\/wp\/v2\/comments?post=3486"}],"version-history":[{"count":2,"href":"http:\/\/www.cudecoop.coop\/cudecoop\/wp-json\/wp\/v2\/posts\/3486\/revisions"}],"predecessor-version":[{"id":3494,"href":"http:\/\/www.cudecoop.coop\/cudecoop\/wp-json\/wp\/v2\/posts\/3486\/revisions\/3494"}],"wp:featuredmedia":[{"embeddable":true,"href":"http:\/\/www.cudecoop.coop\/cudecoop\/wp-json\/wp\/v2\/media\/3487"}],"wp:attachment":[{"href":"http:\/\/www.cudecoop.coop\/cudecoop\/wp-json\/wp\/v2\/media?parent=3486"}],"wp:term":[{"taxonomy":"category","embeddable":true,"href":"http:\/\/www.cudecoop.coop\/cudecoop\/wp-json\/wp\/v2\/categories?post=3486"},{"taxonomy":"post_tag","embeddable":true,"href":"http:\/\/www.cudecoop.coop\/cudecoop\/wp-json\/wp\/v2\/tags?post=3486"}],"curies":[{"name":"wp","href":"https:\/\/api.w.org\/{rel}","templated":true}]}}