{"id":3483,"date":"2021-04-20T15:00:39","date_gmt":"2021-04-20T15:00:39","guid":{"rendered":"http:\/\/www.cudecoop.coop\/cudecoop\/?p=3483"},"modified":"2021-12-29T21:11:47","modified_gmt":"2021-12-29T21:11:47","slug":"mercedes-capital-nacional-del-cooperativismo-2021","status":"publish","type":"post","link":"http:\/\/www.cudecoop.coop\/cudecoop\/mercedes-capital-nacional-del-cooperativismo-2021\/","title":{"rendered":"Mercedes capital nacional del cooperativismo 2021"},"content":{"rendered":"<p>A partir de la iniciativa de INACOOP y CUDECOOP, el Parlamento aprob\u00f3 la designaci\u00f3n de Mercedes como Capital Nacional del Cooperativismo para este 2021. &nbsp;<\/p>\n<p>Desde el 2012 hasta la fecha se celebra un departamento o ciudad como capital del cooperativismo. Este a\u00f1o le ha correspondido el honor a Mercedes, que junto a las dem\u00e1s localidades del Departamento de Soriano poseen un activo movimiento cooperativo, con instituciones fuertemente consolidadas y representativas de las diferentes clases cooperativas.<\/p>\n<p>Todos los a\u00f1os se realizan distintas actividades en cada capital como forma de visibilizar el cooperativismo regional. Este a\u00f1o nos adecuaremos a las medidas para el cuidado sanitario y recurriremos a las herramientas virtuales para poder contar con la celebraci\u00f3n caracter\u00edstica.<\/p>\n<p>&nbsp;<\/p>\n<p><strong>Algunos datos sobre el cooperativismo en Soriano<\/strong><\/p>\n<p>El Departamento de Soriano cuenta con 97 cooperativas (datos a octubre de 2020), lo cual demuestra un enorme crecimiento del movimiento comparando con los datos del Censo Cooperativo de 2008 cuando hab\u00eda tan s\u00f3lo 27 entidades. Existen actualmente una cooperativa de ahorro y cr\u00e9dito, 12 de trabajo, 10 sociales, 9 agrarias y 65 de vivienda, a las que hay que sumar las filiales de importantes cooperativas de car\u00e1cter nacional o regional.<\/p>\n<p>El peso fundamental de este crecimiento ha estado en la constituci\u00f3n de cooperativas de vivienda, destacando Soriano a nivel nacional, gracias a su sostenida pol\u00edtica de conformaci\u00f3n y mantenimiento de una cartera de tierras por parte de la Intendencia Departamental.<\/p>\n<p>Del mismo modo, el Departamento cuenta con cooperativas agrarias y sociedades de fomento rural de larga trayectoria (CALMER, CADOL, SFR de Palmitas, entre otras) siendo pionero en la instalaci\u00f3n de un modelo colectivo de producci\u00f3n colectiva como la Unidad Cooperaria N\u00b01.<\/p>\n<p>Tambi\u00e9n tienen presencia las cooperativas de ahorro y cr\u00e9dito de car\u00e1cter nacional o con sede en Departamentos vecinos, pero con arraigo e identidad local, tales como COOPACE, ACAC, CINTEPA, FUCAC y las de base gremial (ej.: COPAC).<\/p>\n<p>Las cooperativas de trabajo y sociales tambi\u00e9n se han venido multiplicando con enorme velocidad, destac\u00e1ndose la importancia de muchas cooperativas de servicios profesionales.<\/p>\n<p>El Departamento, adem\u00e1s, cuenta con la presencia de una cooperativa de la primera generaci\u00f3n de egresadas de Incubacoop, incubadora de cooperativas de base tecnol\u00f3gica, Calmer Food<span style=\"text-decoration: line-through;\">.<\/span><\/p>\n<p><strong>Presencia territorial<\/strong><\/p>\n<p>Desde 2016, en virtud de un convenio entre la Intendencia Departamental de Soriano y el Instituto Nacional del Cooperativismo, Mercedes es sede regional del Programa de Presencia Territorial de INACOOP para el asesoramiento general y el apoyo a cooperativas con los instrumentos p\u00fablicos de promoci\u00f3n.<\/p>\n<p>Por otra parte, y con motivo de esta celebraci\u00f3n, CUDECOOP se encuentra trabajando, junto a las cooperativas del Departamento y desde su programa de Desarrollo Cooperativo Territorial, en la conformaci\u00f3n de la Mesa Intercooperativa de Soriano.<\/p>\n<p>&nbsp;<\/p>\n<p><strong>Cooperativismo y educaci\u00f3n<\/strong><\/p>\n<p>La tem\u00e1tica del cooperativismo se ha incorporado en todo el sistema de educaci\u00f3n formal, habi\u00e9ndose trabajado especialmente con estudiantes avanzados del Consejo de Educaci\u00f3n T\u00e9cnico Profesional (CETP).<\/p>\n<p>Tambi\u00e9n desde UTEC se est\u00e1 coordinando un proceso de conformaci\u00f3n de una cooperativa de artistas, que re\u00fana a los tecn\u00f3logos en jazz y m\u00fasica creativa, dentro del movimiento de jazz a la calle.<\/p>\n","protected":false},"excerpt":{"rendered":"<p>A partir de la iniciativa de INACOOP y CUDECOOP, el Parlamento aprob\u00f3 la designaci\u00f3n de Mercedes como Capital Nacional del Cooperativismo para este 2021. &nbsp; Desde el 2012 hasta la fecha se celebra un departamento o ciudad como capital del cooperativismo. Este a\u00f1o le ha correspondido el honor a Mercedes, que junto a las dem\u00e1s localidades del Departamento de Soriano poseen un activo movimiento cooperativo, con instituciones fuertemente consolidadas y representativas de las diferentes clases cooperativas. Todos los a\u00f1os se realizan distintas actividades en cada capital como forma de visibilizar el cooperativismo regional. Este a\u00f1o nos adecuaremos a las medidas [&#8230;]<\/p>\n","protected":false},"author":27,"featured_media":3484,"comment_status":"open","ping_status":"open","sticky":false,"template":"","format":"standard","meta":{"_acf_changed":false,"ngg_post_thumbnail":0,"footnotes":""},"categories":[7,6,1],"tags":[],"class_list":["post-3483","post","type-post","status-publish","format-standard","has-post-thumbnail","hentry","category-cooperativas","category-institucionales","category-noticias"],"acf":[],"_links":{"self":[{"href":"http:\/\/www.cudecoop.coop\/cudecoop\/wp-json\/wp\/v2\/posts\/3483","targetHints":{"allow":["GET"]}}],"collection":[{"href":"http:\/\/www.cudecoop.coop\/cudecoop\/wp-json\/wp\/v2\/posts"}],"about":[{"href":"http:\/\/www.cudecoop.coop\/cudecoop\/wp-json\/wp\/v2\/types\/post"}],"author":[{"embeddable":true,"href":"http:\/\/www.cudecoop.coop\/cudecoop\/wp-json\/wp\/v2\/users\/27"}],"replies":[{"embeddable":true,"href":"http:\/\/www.cudecoop.coop\/cudecoop\/wp-json\/wp\/v2\/comments?post=3483"}],"version-history":[{"count":1,"href":"http:\/\/www.cudecoop.coop\/cudecoop\/wp-json\/wp\/v2\/posts\/3483\/revisions"}],"predecessor-version":[{"id":3485,"href":"http:\/\/www.cudecoop.coop\/cudecoop\/wp-json\/wp\/v2\/posts\/3483\/revisions\/3485"}],"wp:featuredmedia":[{"embeddable":true,"href":"http:\/\/www.cudecoop.coop\/cudecoop\/wp-json\/wp\/v2\/media\/3484"}],"wp:attachment":[{"href":"http:\/\/www.cudecoop.coop\/cudecoop\/wp-json\/wp\/v2\/media?parent=3483"}],"wp:term":[{"taxonomy":"category","embeddable":true,"href":"http:\/\/www.cudecoop.coop\/cudecoop\/wp-json\/wp\/v2\/categories?post=3483"},{"taxonomy":"post_tag","embeddable":true,"href":"http:\/\/www.cudecoop.coop\/cudecoop\/wp-json\/wp\/v2\/tags?post=3483"}],"curies":[{"name":"wp","href":"https:\/\/api.w.org\/{rel}","templated":true}]}}