{"id":3477,"date":"2021-04-08T20:16:19","date_gmt":"2021-04-08T20:16:19","guid":{"rendered":"http:\/\/www.cudecoop.coop\/cudecoop\/?p=3477"},"modified":"2021-04-08T20:16:19","modified_gmt":"2021-04-08T20:16:19","slug":"participamos-del-grupo-mercado-comun-del-mercosur","status":"publish","type":"post","link":"http:\/\/www.cudecoop.coop\/cudecoop\/participamos-del-grupo-mercado-comun-del-mercosur\/","title":{"rendered":"Participamos del Grupo Mercado Com\u00fan del MERCOSUR"},"content":{"rendered":"<p>En representaci\u00f3n del tercer sector de la econom\u00eda, particip\u00f3 nuestra presidenta Alicia Maneiro, del Grupo Mercado Com\u00fan del MERCOSUR, el mi\u00e9rcoles 7 de abril.&nbsp;<\/p>\n<p>Este tercer sector representa a las cooperativas, mutuales, asociaciones civiles y otras organizaciones sociales del bloque. En su rol de representaci\u00f3n de este sector, Alicia Maneiro destac\u00f3 la importancia del espacio para el intercambio, reflexi\u00f3n y aporte de conocimiento y experiencia, para mejorar el futuro com\u00fan.<\/p>\n<p>Dejamos aqu\u00ed un extracto de lo que fue su participaci\u00f3n en el Grupo:&nbsp;<\/p>\n<p>&#8220;Ya mis colegas han se\u00f1alado la enorme preocupaci\u00f3n de la sociedad civil organizada de nuestra regi\u00f3n en relaci\u00f3n a la falta de voluntad pol\u00edtica por parte de los actores de gobierno del Mercosur en relaci\u00f3n al reconocimiento y expl\u00edcito apoyo al \u00f3rgano institucional que hace de gran caja de resonancia de las organizaciones sociales, empresariales y sindicales del bloque.<br \/>\nNo s\u00f3lo se ha desconocido el significado social, econ\u00f3mico, laboral, territorial, cultural, organizativo, que nuestras organizaciones representan, sino que se ha perdido la enorme oportunidad que representa la sociedad civil organizada para destrabar procesos que desde la conducci\u00f3n gubernamental muchas veces se hace extremadamente dif\u00edcil.<br \/>\nEstamos celebrando 30 a\u00f1os, y aunque muchos quiz\u00e1 so\u00f1\u00e1bamos con cambios mucho m\u00e1s significativos en t\u00e9rminos de integraci\u00f3n, tambi\u00e9n es cierto que los procesos institucionales llevan su tiempo.<br \/>\nEn los a\u00f1os por venir, en un mundo tremendamente coaccionado por tensiones econ\u00f3micas, ambientales y geopol\u00edticas, la apuesta por la integraci\u00f3n seguir\u00e1 siendo nuestra bandera. Que la madurez institucional permita reconocer este canal de di\u00e1logo y colaboraci\u00f3n que es el foro consultivo econ\u00f3mico y social.&#8221;<\/p>\n","protected":false},"excerpt":{"rendered":"<p>En representaci\u00f3n del tercer sector de la econom\u00eda, particip\u00f3 nuestra presidenta Alicia Maneiro, del Grupo Mercado Com\u00fan del MERCOSUR, el mi\u00e9rcoles 7 de abril.&nbsp; Este tercer sector representa a las cooperativas, mutuales, asociaciones civiles y otras organizaciones sociales del bloque. En su rol de representaci\u00f3n de este sector, Alicia Maneiro destac\u00f3 la importancia del espacio para el intercambio, reflexi\u00f3n y aporte de conocimiento y experiencia, para mejorar el futuro com\u00fan. Dejamos aqu\u00ed un extracto de lo que fue su participaci\u00f3n en el Grupo:&nbsp; &#8220;Ya mis colegas han se\u00f1alado la enorme preocupaci\u00f3n de la sociedad civil organizada de nuestra regi\u00f3n en [&#8230;]<\/p>\n","protected":false},"author":27,"featured_media":3478,"comment_status":"open","ping_status":"open","sticky":false,"template":"","format":"standard","meta":{"_acf_changed":false,"ngg_post_thumbnail":0,"footnotes":""},"categories":[7,6,1],"tags":[],"class_list":["post-3477","post","type-post","status-publish","format-standard","has-post-thumbnail","hentry","category-cooperativas","category-institucionales","category-noticias"],"acf":[],"_links":{"self":[{"href":"http:\/\/www.cudecoop.coop\/cudecoop\/wp-json\/wp\/v2\/posts\/3477","targetHints":{"allow":["GET"]}}],"collection":[{"href":"http:\/\/www.cudecoop.coop\/cudecoop\/wp-json\/wp\/v2\/posts"}],"about":[{"href":"http:\/\/www.cudecoop.coop\/cudecoop\/wp-json\/wp\/v2\/types\/post"}],"author":[{"embeddable":true,"href":"http:\/\/www.cudecoop.coop\/cudecoop\/wp-json\/wp\/v2\/users\/27"}],"replies":[{"embeddable":true,"href":"http:\/\/www.cudecoop.coop\/cudecoop\/wp-json\/wp\/v2\/comments?post=3477"}],"version-history":[{"count":1,"href":"http:\/\/www.cudecoop.coop\/cudecoop\/wp-json\/wp\/v2\/posts\/3477\/revisions"}],"predecessor-version":[{"id":3479,"href":"http:\/\/www.cudecoop.coop\/cudecoop\/wp-json\/wp\/v2\/posts\/3477\/revisions\/3479"}],"wp:featuredmedia":[{"embeddable":true,"href":"http:\/\/www.cudecoop.coop\/cudecoop\/wp-json\/wp\/v2\/media\/3478"}],"wp:attachment":[{"href":"http:\/\/www.cudecoop.coop\/cudecoop\/wp-json\/wp\/v2\/media?parent=3477"}],"wp:term":[{"taxonomy":"category","embeddable":true,"href":"http:\/\/www.cudecoop.coop\/cudecoop\/wp-json\/wp\/v2\/categories?post=3477"},{"taxonomy":"post_tag","embeddable":true,"href":"http:\/\/www.cudecoop.coop\/cudecoop\/wp-json\/wp\/v2\/tags?post=3477"}],"curies":[{"name":"wp","href":"https:\/\/api.w.org\/{rel}","templated":true}]}}