{"id":3461,"date":"2021-03-16T15:44:23","date_gmt":"2021-03-16T15:44:23","guid":{"rendered":"http:\/\/www.cudecoop.coop\/cudecoop\/?p=3461"},"modified":"2021-12-29T21:12:13","modified_gmt":"2021-12-29T21:12:13","slug":"comienzan-los-cursos-de-educacion-financiera-para-las-cooperativas-y-organizaciones-de-la-economia-social","status":"publish","type":"post","link":"http:\/\/www.cudecoop.coop\/cudecoop\/comienzan-los-cursos-de-educacion-financiera-para-las-cooperativas-y-organizaciones-de-la-economia-social\/","title":{"rendered":"Comienzan los cursos de educaci\u00f3n financiera para las cooperativas y organizaciones de la econom\u00eda social"},"content":{"rendered":"<p>&nbsp;<\/p>\n<hr>\n<p>Zonas norte, noreste y este del pa\u00eds, a cargo de Cudecoop, Federaci\u00f3n de Cooperativas de Producci\u00f3n, Fundasol, Fundaci\u00f3n ACAC, Comisi\u00f3n Nacional de Fomento Rural y el Instituto de Desarrollo Cooperativo con apoyo de la Agencia Nacional para el Desarrollo, ANDE.&nbsp;<\/p>\n<p><strong>&#8212;&#8212;&#8212;&#8212;&#8212;&#8212;&#8212;&#8212;&#8212;&#8212;&#8212;&#8212;&#8212;&#8212;&#8212;&#8212;&#8212;&#8212;&#8212;&#8212;&#8212;&#8212;&#8212;&#8212;&#8212;&#8212;&#8212;&#8212;&#8212;&#8212;&#8212;&#8211;<\/strong><\/p>\n<p>En abril comienza la formaci\u00f3n en educaci\u00f3n financiera para las cooperativas y organizaciones de la econom\u00eda social que se encuentran en la zona norte del pa\u00eds.&nbsp;<\/p>\n<p>Se trata de una formaci\u00f3n a distancia, con encuentros quincenales de hora y media, con materiales y actividades complementarias en la plataforma virtual. Es&nbsp;sin costo para quienes participen, con una duraci\u00f3n de tres meses y&nbsp; entrega de certificado.&nbsp;<\/p>\n<p>Este curso permite conocer los principios b\u00e1sicos de la educaci\u00f3n financiera para poder realizar un adecuado control de ingresos y gastos, y tomar decisiones m\u00e1s acertadas en el manejo del dinero, tanto de la organizaci\u00f3n como tambi\u00e9n a nivel personal.&nbsp; Est\u00e1 dirigido a socios\/as, directivos\/as y\/o funcionarios\/as de cooperativas, sociedades de fomento rural&nbsp; y otras organizaciones de la Econom\u00eda Social.&nbsp;<\/p>\n<p>El Programa incluye temas tales como: planificaci\u00f3n financiera y presupuestaci\u00f3n, uso de registros de ingresos y gastos, mecanismos de reducci\u00f3n de costos, rentabilidad, punto de equilibrio, mecanismos de ahorro y fuentes de financiamiento (entre otros).<\/p>\n<p><strong>INSCRIPCIONES<\/strong><\/p>\n<p><a href=\"https:\/\/forms.gle\/bA8MLxyAyipb5q1X9\">Hac\u00e9 click ac\u00e1 para inscribirte&nbsp;&nbsp;<\/a><\/p>\n<p>&nbsp;<\/p>\n<p><strong>ZONA NORTE &#8211; cierre de inscripciones 9 de abril<\/strong><\/p>\n<p>Paysand\u00fa &#8211; Salto -Artigas &#8211; Rio Negro<\/p>\n<p>Taller 1: 15 de abril de 18 a 19.30 h<\/p>\n<p>Taller 2: 29 de abril&nbsp;de 18 a 19.30 h<\/p>\n<p>Taller 3: 6 de mayo&nbsp;de 18 a 19.30 h<\/p>\n<p>Taller 4: 20 de mayo&nbsp;de 18 a 19.30 h<\/p>\n<p>Taller 5: 3 de junio&nbsp;de 18 a 19.30 h<\/p>\n<p>&nbsp;<\/p>\n<p><strong>ZONA NORESTE &#8211; cierre de inscripciones 30 de abril&nbsp;<\/strong><\/p>\n<p>CERRO LARGO &#8211; TACUAREMB\u00d3 &#8211; RIVERA&nbsp;<\/p>\n<p>Taller 1: 5 de mayo&nbsp;de 18 a 19.30 h<\/p>\n<p>Taller 2: 18 de mayo&nbsp;de 18 a 19.30 h<\/p>\n<p>Taller 3: 1 de junio&nbsp;de 18 a 19.30 h<\/p>\n<p>Taller 4: 15 de junio&nbsp;&nbsp;de 18 a 19.30 h<\/p>\n<p>Taller 5: 29 de junio&nbsp;de 18 a 19.30 h<\/p>\n<p>&nbsp;<\/p>\n<p><strong>ZONA ESTE &#8211;&nbsp;cierre de inscripciones 7 de mayo<\/strong><\/p>\n<p>MALDONADO &#8211; ROCHA &#8211; TREINTA Y TRES &#8211; LAVALLEJA<\/p>\n<p>Taller 1: 13 de mayo&nbsp;de 18 a 19.30 h<\/p>\n<p>Taller 2: 27 de mayo&nbsp;de 18 a 19.30 h<\/p>\n<p>Taller 3: 10 de junio&nbsp;de 18 a 19.30 h<\/p>\n<p>Taller 4: 24 de junio&nbsp;de 18 a 19.30 h<\/p>\n<p>Taller 5: 8 de julio de 18 a 19.30 h<\/p>\n<p>&nbsp;<\/p>\n<p><strong>POR M\u00c1S INFORMACI\u00d3N&nbsp;<\/strong><\/p>\n<p>Tel\u00e9fono: 29025339 int. 1&nbsp;de 9 a 17 horas<\/p>\n<p>Correo: proregio@cudecoop.coop&nbsp;<\/p>\n<p>&nbsp;<\/p>\n<p><a href=\"https:\/\/docs.google.com\/forms\/d\/e\/1FAIpQLSepvVDI9c15CZh4k9o4bJrRtnA3hyzdAl3IJKrcbx-AXQ46bw\/viewform\"><strong>Formulario datos participantes ZONA NORESTE&nbsp;<\/strong><\/a><\/p>\n","protected":false},"excerpt":{"rendered":"<p>&nbsp; Zonas norte, noreste y este del pa\u00eds, a cargo de Cudecoop, Federaci\u00f3n de Cooperativas de Producci\u00f3n, Fundasol, Fundaci\u00f3n ACAC, Comisi\u00f3n Nacional de Fomento Rural y el Instituto de Desarrollo Cooperativo con apoyo de la Agencia Nacional para el Desarrollo, ANDE.&nbsp; &#8212;&#8212;&#8212;&#8212;&#8212;&#8212;&#8212;&#8212;&#8212;&#8212;&#8212;&#8212;&#8212;&#8212;&#8212;&#8212;&#8212;&#8212;&#8212;&#8212;&#8212;&#8212;&#8212;&#8212;&#8212;&#8212;&#8212;&#8212;&#8212;&#8212;&#8212;&#8211; En abril comienza la formaci\u00f3n en educaci\u00f3n financiera para las cooperativas y organizaciones de la econom\u00eda social que se encuentran en la zona norte del pa\u00eds.&nbsp; Se trata de una formaci\u00f3n a distancia, con encuentros quincenales de hora y media, con materiales y actividades complementarias en la plataforma virtual. Es&nbsp;sin costo para quienes participen, con una duraci\u00f3n de [&#8230;]<\/p>\n","protected":false},"author":27,"featured_media":3464,"comment_status":"open","ping_status":"open","sticky":false,"template":"","format":"standard","meta":{"_acf_changed":false,"ngg_post_thumbnail":0,"footnotes":""},"categories":[7,6,1],"tags":[],"class_list":["post-3461","post","type-post","status-publish","format-standard","has-post-thumbnail","hentry","category-cooperativas","category-institucionales","category-noticias"],"acf":[],"_links":{"self":[{"href":"http:\/\/www.cudecoop.coop\/cudecoop\/wp-json\/wp\/v2\/posts\/3461","targetHints":{"allow":["GET"]}}],"collection":[{"href":"http:\/\/www.cudecoop.coop\/cudecoop\/wp-json\/wp\/v2\/posts"}],"about":[{"href":"http:\/\/www.cudecoop.coop\/cudecoop\/wp-json\/wp\/v2\/types\/post"}],"author":[{"embeddable":true,"href":"http:\/\/www.cudecoop.coop\/cudecoop\/wp-json\/wp\/v2\/users\/27"}],"replies":[{"embeddable":true,"href":"http:\/\/www.cudecoop.coop\/cudecoop\/wp-json\/wp\/v2\/comments?post=3461"}],"version-history":[{"count":14,"href":"http:\/\/www.cudecoop.coop\/cudecoop\/wp-json\/wp\/v2\/posts\/3461\/revisions"}],"predecessor-version":[{"id":3502,"href":"http:\/\/www.cudecoop.coop\/cudecoop\/wp-json\/wp\/v2\/posts\/3461\/revisions\/3502"}],"wp:featuredmedia":[{"embeddable":true,"href":"http:\/\/www.cudecoop.coop\/cudecoop\/wp-json\/wp\/v2\/media\/3464"}],"wp:attachment":[{"href":"http:\/\/www.cudecoop.coop\/cudecoop\/wp-json\/wp\/v2\/media?parent=3461"}],"wp:term":[{"taxonomy":"category","embeddable":true,"href":"http:\/\/www.cudecoop.coop\/cudecoop\/wp-json\/wp\/v2\/categories?post=3461"},{"taxonomy":"post_tag","embeddable":true,"href":"http:\/\/www.cudecoop.coop\/cudecoop\/wp-json\/wp\/v2\/tags?post=3461"}],"curies":[{"name":"wp","href":"https:\/\/api.w.org\/{rel}","templated":true}]}}