{"id":3456,"date":"2021-03-11T20:46:18","date_gmt":"2021-03-11T20:46:18","guid":{"rendered":"http:\/\/www.cudecoop.coop\/cudecoop\/?p=3456"},"modified":"2021-03-11T20:46:18","modified_gmt":"2021-03-11T20:46:18","slug":"junta-departamental-de-montevideo-homenajeo-a-mujeres-cooperativistas","status":"publish","type":"post","link":"http:\/\/www.cudecoop.coop\/cudecoop\/junta-departamental-de-montevideo-homenajeo-a-mujeres-cooperativistas\/","title":{"rendered":"Junta departamental de Montevideo homenaje\u00f3 a Mujeres cooperativistas"},"content":{"rendered":"<p>En el marco de la celebraci\u00f3n del D\u00eda internacional de la Mujer, 8 de marzo, la Junta departamental de Montevideo, en voz de la edila Mara Paracampo, realiz\u00f3 un homenaje a mujeres cooperativistas.&nbsp;<\/p>\n<p>&#8220;En este marzo 2021 tan especial, en un escenario de pandemia, pongo la mirada en las mujeres del movimiento cooperativo en lo nacional y en Montevideo en particular sin perder la perspectiva global mundial.&#8221; Destac\u00f3 la edila en el comienzo,&nbsp; &#8220;en el pa\u00eds hay mas de 1.500.000 cooperativistas, m\u00e1s de la mitad son mujeres. Dato importante para tener en cuenta la incidencia de las mujeres cooperativistas en lo econ\u00f3mico, social y cultural.&nbsp; Ellas apuestan a una econom\u00eda diferente, &nbsp;donde la estrategia para abordar la crisis es de car\u00e1cter colectiva, prioriz\u00e1ndose el trabajo digno, no precario.&#8221;<\/p>\n<p>A continuaci\u00f3n se comparte el discurso expuesto en el que Mara menciona a algunas de nuestras hist\u00f3ricas mujeres cooperativistas.<\/p>\n<p>&#8220;Con el &nbsp;\u201cqu\u00e9date en casa\u201d vimos&nbsp; el recrudecimiento de casos de violencia dom\u00e9stica, y ah\u00ed las mujeres de las cooperativas de viviendas salieron con fuerza a recordar que tienen pendiente la \u201c<strong>co-titularidad<\/strong>\u201d. Si en el Uruguay hoy, la titularidad de la vivienda que la pareja construyo hombro &nbsp;con hombro, es del hombre a\u00fan en muchas cooperativas. En caso de violencia dom\u00e9stica es la mujer la que debe abandonar la vivienda junto a su prole. \u201cQu\u00e9date en casa\u201d que peligroso puede llegar a ser\u2026., pero que dif\u00edcil es tambi\u00e9n quedarse sin techo. &nbsp;En esta lucha nos encontramos a <strong>Alicia Maneiro<\/strong> de FUCVAM. Tampoco se puede olvidar la situaci\u00f3n dif\u00edcil que han vivido en especial los <strong>adultos mayores<\/strong> y como pesa la necesidad de un sistema de cuidados, a\u00fan en un medio proclamado solidario, su situaci\u00f3n ha debido considerarse y su portavoz ha sido <strong>Zulma Perdomo<\/strong> de FECOVI.<\/p>\n<p>En estos d\u00edas creo todos hemos visto un video de la cooperativa de mujeres <strong>CONACOTEX<\/strong> que funciona en el PTI del Cerro, integrada s\u00f3lo por mujeres, en tiempo de crisis, de desempleo, ellas se convierten en sus propias gestoras, en jefas y trabajadoras. No han sido las \u00fanicas, al surgir la pandemia varias se organizan, algunas contactadas s\u00f3lo a trav\u00e9s de herramientas inform\u00e1ticas, desde sus hogares con su m\u00e1quina de coser, comenzaron haciendo tapabocas y cubre t\u00fanicas, organiz\u00e1ndose despu\u00e9s como cooperativas sociales, saliendo al mercado en momentos de desempleo.<\/p>\n<p>A pesar de los desaf\u00edo de la Pandemia, la Federaci\u00f3n de cooperativas de Producci\u00f3n (FCPU) construye y suscriben sus integrantes&nbsp; la \u201c<strong>Alianza para<\/strong> <strong>la No Violencia de Genero<\/strong>\u201d, esto fue posible a la participaci\u00f3n activa de mujeres que impulsaron dentro de sus emprendimientos la necesitad de manifestarse sobre este tema. &nbsp;Esta Alianza se centra en 9 compromisos que impulsan la reflexi\u00f3n y sensibilizaci\u00f3n sobre la Violencia de Genero en las cooperativas y centra la convivencia en el respeto y la igualdad.<\/p>\n<p>No podemos olvidar a las mujeres de producci\u00f3n agropecuaria, a las <strong>Referentes de la Comisi\u00f3n Nacional de fomento Rural<\/strong> (CNFR)&nbsp; donde no s\u00f3lo en muchos casos siguen con la problem\u00e1tica de la <strong>co-titularidad de la<\/strong> tierra, sino algo muy importante la <strong>Co-titularidad de la producci\u00f3n<\/strong>, lo que garantiza su autonom\u00eda econ\u00f3mica. Vaya si este tema es tambi\u00e9n importante para el empoderamiento de la mujer.<\/p>\n<p>Si de la problem\u00e1tica agropecuaria hablamos, hay que hablar de <strong>Virginia San Mart\u00edn<\/strong>, de la federaci\u00f3n de cooperativas agrarias (CAF), quien no cesa en defender la institucionalidad en ese medio.&nbsp; Todas han &nbsp;visualizado la importancia de la <strong>alfabetizaci\u00f3n inform\u00e1tica y la conectividad como herramienta imprescindible.<\/strong><\/p>\n<p>Encontramos en medio de esta crisis, Mujeres de las cooperativas de producci\u00f3n, de las agrarias, de las de consumo, de las de cr\u00e9ditos que supieron asumir su papel en esta pandemia, apoyando con suministros a &nbsp;ollas, al reparto de canastas o bandejas, comprometi\u00e9ndose con la estabilidad en costos y precios de productos de la canasta b\u00e1sica, tejiendo redes de inter-cooperaci\u00f3n nacional e internacional. &nbsp;De las que est\u00e1n en cooperativas de servicios, como las que cuidan enfermos, desafiando sus miedos crearon protocolos y han seguido adelante.<\/p>\n<p>Es en este contexto que no podemos dejar de mencionar a quienes han sido constantes, no s\u00f3lo ahora sino a trav\u00e9s de los a\u00f1os en este movimiento, dando la fortaleza al mismo y posibilitando responder a los desaf\u00edos del hoy. Son mucha las mujeres protagonistas de este movimiento, a las que corresponde ponerles nombre propio, ellas son muchas pero cabe mencionar, &nbsp;<strong>a Carmen Anastas\u00eda<\/strong> que desde el Observatorio de Genero, Etnia y diversidad desde Ahorro y Cr\u00e9dito siempre atenta a las inequidades y pronta a aportar en forma solidaria, en consumo &nbsp;corresponde mencionar a <strong>Alicia Pintos<\/strong>, luchadora de todos los tiempos si las hay, aportando la experiencia y la experticia que solo con los a\u00f1os se logra.<\/p>\n<p>&nbsp;Mujeres de las imprescindibles si las hay.<\/p>\n<p>He dejado para nombrar al final a la <strong>Dra. Graciela Fernandez<\/strong>, abogada asesora de Econom\u00edas Sociales Solidarias, quiz\u00e1s una desconocida para muches, quiz\u00e1s aqu\u00ed, pero no en el \u00e1mbito del cooperativismo Internacional. En plena pandemia 2020 fue seleccionada por el movimiento mundial cooperativo como una de las 100 mujeres l\u00edderes, otorg\u00e1ndose le el premio She-coops.&nbsp; Este premio es \u201cun reconocimiento a la excelencia de la persona en el liderazgo, por su iniciativas y el impacto de su trabajo &nbsp;para los dem\u00e1s\u201d.<\/p>\n<p>Ver aqu\u00ed la intervenci\u00f3n completa:&nbsp;<\/p>\n<p><iframe loading=\"lazy\" title=\"Homenaje a mujeres cooperativistas en la Junta departamental de Montevideo\" width=\"525\" height=\"295\" src=\"https:\/\/www.youtube.com\/embed\/A_aVL_RPWP8?feature=oembed\" frameborder=\"0\" allow=\"accelerometer; autoplay; clipboard-write; encrypted-media; gyroscope; picture-in-picture; web-share\" referrerpolicy=\"strict-origin-when-cross-origin\" allowfullscreen><\/iframe><\/p>\n<p>&nbsp;<\/p>\n","protected":false},"excerpt":{"rendered":"<p>En el marco de la celebraci\u00f3n del D\u00eda internacional de la Mujer, 8 de marzo, la Junta departamental de Montevideo, en voz de la edila Mara Paracampo, realiz\u00f3 un homenaje a mujeres cooperativistas.&nbsp; &#8220;En este marzo 2021 tan especial, en un escenario de pandemia, pongo la mirada en las mujeres del movimiento cooperativo en lo nacional y en Montevideo en particular sin perder la perspectiva global mundial.&#8221; Destac\u00f3 la edila en el comienzo,&nbsp; &#8220;en el pa\u00eds hay mas de 1.500.000 cooperativistas, m\u00e1s de la mitad son mujeres. Dato importante para tener en cuenta la incidencia de las mujeres cooperativistas en [&#8230;]<\/p>\n","protected":false},"author":27,"featured_media":3457,"comment_status":"open","ping_status":"open","sticky":false,"template":"","format":"standard","meta":{"_acf_changed":false,"ngg_post_thumbnail":0,"footnotes":""},"categories":[7,6,1],"tags":[],"class_list":["post-3456","post","type-post","status-publish","format-standard","has-post-thumbnail","hentry","category-cooperativas","category-institucionales","category-noticias"],"acf":[],"_links":{"self":[{"href":"http:\/\/www.cudecoop.coop\/cudecoop\/wp-json\/wp\/v2\/posts\/3456","targetHints":{"allow":["GET"]}}],"collection":[{"href":"http:\/\/www.cudecoop.coop\/cudecoop\/wp-json\/wp\/v2\/posts"}],"about":[{"href":"http:\/\/www.cudecoop.coop\/cudecoop\/wp-json\/wp\/v2\/types\/post"}],"author":[{"embeddable":true,"href":"http:\/\/www.cudecoop.coop\/cudecoop\/wp-json\/wp\/v2\/users\/27"}],"replies":[{"embeddable":true,"href":"http:\/\/www.cudecoop.coop\/cudecoop\/wp-json\/wp\/v2\/comments?post=3456"}],"version-history":[{"count":1,"href":"http:\/\/www.cudecoop.coop\/cudecoop\/wp-json\/wp\/v2\/posts\/3456\/revisions"}],"predecessor-version":[{"id":3458,"href":"http:\/\/www.cudecoop.coop\/cudecoop\/wp-json\/wp\/v2\/posts\/3456\/revisions\/3458"}],"wp:featuredmedia":[{"embeddable":true,"href":"http:\/\/www.cudecoop.coop\/cudecoop\/wp-json\/wp\/v2\/media\/3457"}],"wp:attachment":[{"href":"http:\/\/www.cudecoop.coop\/cudecoop\/wp-json\/wp\/v2\/media?parent=3456"}],"wp:term":[{"taxonomy":"category","embeddable":true,"href":"http:\/\/www.cudecoop.coop\/cudecoop\/wp-json\/wp\/v2\/categories?post=3456"},{"taxonomy":"post_tag","embeddable":true,"href":"http:\/\/www.cudecoop.coop\/cudecoop\/wp-json\/wp\/v2\/tags?post=3456"}],"curies":[{"name":"wp","href":"https:\/\/api.w.org\/{rel}","templated":true}]}}