{"id":3452,"date":"2021-03-05T15:52:17","date_gmt":"2021-03-05T15:52:17","guid":{"rendered":"http:\/\/www.cudecoop.coop\/cudecoop\/?p=3452"},"modified":"2021-03-22T12:40:51","modified_gmt":"2021-03-22T12:40:51","slug":"para-una-realidad-mas-cooperativa-mas-mujeres-protagonistas","status":"publish","type":"post","link":"http:\/\/www.cudecoop.coop\/cudecoop\/para-una-realidad-mas-cooperativa-mas-mujeres-protagonistas\/","title":{"rendered":"Para una realidad m\u00e1s cooperativa, m\u00e1s mujeres protagonistas"},"content":{"rendered":"<p>&nbsp;<\/p>\n<p>En este 8 de marzo, saludamos a todas las mujeres cooperativistas que d\u00eda a d\u00eda construyen nuestro movimiento, y reafirmamos nuevamente nuestro compromiso por continuar desarrollando la perspectiva de g\u00e9nero en el cooperativismo, con la equidad como principal faro. Sabemos que, para poder construir una realidad m\u00e1s cooperativa, se vuelve indispensable que cada vez m\u00e1s mujeres se conviertan en protagonistas.&nbsp;<\/p>\n<p>&nbsp;<\/p>\n<p>En este d\u00eda se vuelve imprescindible reafirmar nuevamente nuestro horizonte reivindicativo. Atentas al contexto mundial, las mujeres vemos profundizada la brecha existente desde lo cultural, lo pol\u00edtico, lo econ\u00f3mico y lo social en el acceso al trabajo y sus nuevas modalidades, nuestro derecho a igual trato e igual remuneraci\u00f3n por la misma tarea realizada.<\/p>\n<p>Llegar a ocupar un lugar de decisi\u00f3n fue una situaci\u00f3n de lucha constante, pandemia mediante, se ve nuevamente el exilio de las mujeres a su rol impuesto socialmente, retrocediendo as\u00ed la lucha y el camino realizado.&nbsp; Exigimos el derecho de las mujeres a ocupar espacios de toma de decisiones en todas las esferas de la vida.&nbsp;<\/p>\n<p>El movimiento cooperativo no escapa a las situaciones de violencia, debemos duplicar esfuerzos para visibilizar y erradicar estas situaciones. Por eso, exigimos que se profundice en las respuestas frente a la falta de presupuesto para la implementaci\u00f3n de la Ley 19580 creando Juzgados Especializados en todos los Departamentos del Pa\u00eds, prioritarios para la atenci\u00f3n integral de las mujeres, ni\u00f1os, ni\u00f1as y adolescentes v\u00edctimas de la Violencia Basada en G\u00e9nero. As\u00ed tambi\u00e9n, para el sector cooperativo resulta fundamental la incorporaci\u00f3n de la perspectiva de g\u00e9nero en la Ley General de Cooperativas, y la reglamentaci\u00f3n de la Ley de Cotitularidad en las cooperativas de viviendas.&nbsp;<\/p>\n<p>Durante todo el 2020, las mujeres no nos detuvimos: a lo largo y ancho del territorio generamos estrategias diversas para encontrarnos, para sostener y poner a andar nuestras organizaciones, para construir nuevas formas de decir y hacer. La&nbsp;pandemia no nos alej\u00f3, nos uni\u00f3 y fortaleci\u00f3 nuestros lazos. As\u00ed, una vez m\u00e1s no nos detenemos, desde CUDECOOP apoyamos y acompa\u00f1amos las diversas y creativas formas de reivindicaci\u00f3n y lucha que surjan en todo el pa\u00eds, Hoy m\u00e1s que un d\u00eda de conmemoraci\u00f3n es un d\u00eda de reflexi\u00f3n, de reivindicaci\u00f3n por todos aquellos derechos que se han visto vulnerados y que tantas luchas nos ha costado a las mujeres. Para una realidad m\u00e1s cooperativa queremos M\u00c1S MUJERES PROTAGONISTAS.<\/p>\n","protected":false},"excerpt":{"rendered":"<p>&nbsp; En este 8 de marzo, saludamos a todas las mujeres cooperativistas que d\u00eda a d\u00eda construyen nuestro movimiento, y reafirmamos nuevamente nuestro compromiso por continuar desarrollando la perspectiva de g\u00e9nero en el cooperativismo, con la equidad como principal faro. Sabemos que, para poder construir una realidad m\u00e1s cooperativa, se vuelve indispensable que cada vez m\u00e1s mujeres se conviertan en protagonistas.&nbsp; &nbsp; En este d\u00eda se vuelve imprescindible reafirmar nuevamente nuestro horizonte reivindicativo. Atentas al contexto mundial, las mujeres vemos profundizada la brecha existente desde lo cultural, lo pol\u00edtico, lo econ\u00f3mico y lo social en el acceso al trabajo y [&#8230;]<\/p>\n","protected":false},"author":27,"featured_media":3453,"comment_status":"open","ping_status":"open","sticky":false,"template":"","format":"standard","meta":{"_acf_changed":false,"ngg_post_thumbnail":0,"footnotes":""},"categories":[7,6,1],"tags":[],"class_list":["post-3452","post","type-post","status-publish","format-standard","has-post-thumbnail","hentry","category-cooperativas","category-institucionales","category-noticias"],"acf":[],"_links":{"self":[{"href":"http:\/\/www.cudecoop.coop\/cudecoop\/wp-json\/wp\/v2\/posts\/3452","targetHints":{"allow":["GET"]}}],"collection":[{"href":"http:\/\/www.cudecoop.coop\/cudecoop\/wp-json\/wp\/v2\/posts"}],"about":[{"href":"http:\/\/www.cudecoop.coop\/cudecoop\/wp-json\/wp\/v2\/types\/post"}],"author":[{"embeddable":true,"href":"http:\/\/www.cudecoop.coop\/cudecoop\/wp-json\/wp\/v2\/users\/27"}],"replies":[{"embeddable":true,"href":"http:\/\/www.cudecoop.coop\/cudecoop\/wp-json\/wp\/v2\/comments?post=3452"}],"version-history":[{"count":1,"href":"http:\/\/www.cudecoop.coop\/cudecoop\/wp-json\/wp\/v2\/posts\/3452\/revisions"}],"predecessor-version":[{"id":3454,"href":"http:\/\/www.cudecoop.coop\/cudecoop\/wp-json\/wp\/v2\/posts\/3452\/revisions\/3454"}],"wp:featuredmedia":[{"embeddable":true,"href":"http:\/\/www.cudecoop.coop\/cudecoop\/wp-json\/wp\/v2\/media\/3453"}],"wp:attachment":[{"href":"http:\/\/www.cudecoop.coop\/cudecoop\/wp-json\/wp\/v2\/media?parent=3452"}],"wp:term":[{"taxonomy":"category","embeddable":true,"href":"http:\/\/www.cudecoop.coop\/cudecoop\/wp-json\/wp\/v2\/categories?post=3452"},{"taxonomy":"post_tag","embeddable":true,"href":"http:\/\/www.cudecoop.coop\/cudecoop\/wp-json\/wp\/v2\/tags?post=3452"}],"curies":[{"name":"wp","href":"https:\/\/api.w.org\/{rel}","templated":true}]}}