{"id":3440,"date":"2021-02-24T15:17:07","date_gmt":"2021-02-24T15:17:07","guid":{"rendered":"http:\/\/www.cudecoop.coop\/cudecoop\/?p=3440"},"modified":"2021-02-24T15:17:23","modified_gmt":"2021-02-24T15:17:23","slug":"se-realizo-el-primer-consejo-directivo-del-ano","status":"publish","type":"post","link":"http:\/\/www.cudecoop.coop\/cudecoop\/se-realizo-el-primer-consejo-directivo-del-ano\/","title":{"rendered":"Se realiz\u00f3 el primer Consejo Directivo del a\u00f1o"},"content":{"rendered":"<p>El martes 23 de febrero se llev\u00f3 a cabo la primer sesi\u00f3n del Consejo Directivo de CUDECOOP de 2021.&nbsp;<\/p>\n<p>El mismo se present\u00f3 con grandes desaf\u00edos en cuanto a toma de definiciones necesarias para trabajar en los meses que siguen, las mismas son las siguientes:&nbsp;<\/p>\n<p>Se organiz\u00f3 un plan de trabajo para redactar y analizar las reformas que las distintas clases cooperativas organizadas dentro de la Confederaci\u00f3n, quieren realizar a la ley 18.407, general de cooperativas, junto a la Mesa de asesores legales del cooperativismo. Hay ajustes que son generales para todo el cooperativismo, algunos que son transversales, y otros que son espec\u00edficos a cada clases que est\u00e1n siendo trabajados por cada federaci\u00f3n o sector que le corresponde. Se espera contar con avances para el pr\u00f3ximo consejo directivo, dentro de un mes.&nbsp;<\/p>\n<p>En otro orden, se estableci\u00f3 la propuesta de trabajo para la realizaci\u00f3n de parte del Consejo Directivo de la planificaci\u00f3n estrat\u00e9gica de CUDECOOP del per\u00edodo 2021 &#8211; 2022, la cual deber\u00e1 estar elaborada junto a un plan estrat\u00e9gico de m\u00e1s largo alcance (2021 &#8211; 2030) para la pr\u00f3xima Asamblea General de CUDECOOP a celebrarse en el mes de junio.&nbsp;<\/p>\n<p>Por \u00faltimo, se definieron a las personas integrantes de la Mesa del Consejo Consultivo de INACOOP, las mismas son: Rosana Perdomo (FCPU), Zulma Perdomo (FECOVI) y Walter Su\u00e1rez (FUCEREP).<\/p>\n<!-- index.php -->\n<div\n\tclass=\"ngg-galleryoverview\n\t ngg-ajax-pagination-none\t\"\n\tid=\"ngg-gallery-1a46ede99f9a7643632b546e688fb15c-1\">\n\n\t\t<div class=\"slideshowlink\">\n\t\t<a href='http:\/\/www.cudecoop.coop\/cudecoop\/se-realizo-el-primer-consejo-directivo-del-ano\/nggallery\/slideshow'>[Show slideshow]<\/a>\n\t\t\n\t<\/div>\n\t\t\t<!-- Thumbnails -->\n\t\t\t\t<div id=\"ngg-image-0\" class=\"ngg-gallery-thumbnail-box\" \n\t\t\t\t\t\t\t\t\t\t\t>\n\t\t\t\t\t\t<div class=\"ngg-gallery-thumbnail\">\n\t\t\t<a href=\"http:\/\/www.cudecoop.coop\/cudecoop\/wp-content\/gallery\/1er-consejo-directivo-2021\/1.jpg\"\n\t\t\t\ttitle=\"\"\n\t\t\t\tdata-src=\"http:\/\/www.cudecoop.coop\/cudecoop\/wp-content\/gallery\/1er-consejo-directivo-2021\/1.jpg\"\n\t\t\t\tdata-thumbnail=\"http:\/\/www.cudecoop.coop\/cudecoop\/wp-content\/gallery\/1er-consejo-directivo-2021\/thumbs\/thumbs_1.jpg\"\n\t\t\t\tdata-image-id=\"153\"\n\t\t\t\tdata-title=\"1\"\n\t\t\t\tdata-description=\"\"\n\t\t\t\tdata-image-slug=\"1-2\"\n\t\t\t\tclass=\"ngg-fancybox\" rel=\"1a46ede99f9a7643632b546e688fb15c\">\n\t\t\t\t<img\n\t\t\t\t\ttitle=\"1\"\n\t\t\t\t\talt=\"1\"\n\t\t\t\t\tsrc=\"http:\/\/www.cudecoop.coop\/cudecoop\/wp-content\/gallery\/1er-consejo-directivo-2021\/thumbs\/thumbs_1.jpg\"\n\t\t\t\t\twidth=\"240\"\n\t\t\t\t\theight=\"160\"\n\t\t\t\t\tstyle=\"max-width:100%;\"\n\t\t\t\t\/>\n\t\t\t<\/a>\n\t\t<\/div>\n\t\t\t\t\t\t\t<\/div> \n\t\t\t\n\t\t\n\t\t\t\t<div id=\"ngg-image-1\" class=\"ngg-gallery-thumbnail-box\" \n\t\t\t\t\t\t\t\t\t\t\t>\n\t\t\t\t\t\t<div class=\"ngg-gallery-thumbnail\">\n\t\t\t<a href=\"http:\/\/www.cudecoop.coop\/cudecoop\/wp-content\/gallery\/1er-consejo-directivo-2021\/2.jpg\"\n\t\t\t\ttitle=\"\"\n\t\t\t\tdata-src=\"http:\/\/www.cudecoop.coop\/cudecoop\/wp-content\/gallery\/1er-consejo-directivo-2021\/2.jpg\"\n\t\t\t\tdata-thumbnail=\"http:\/\/www.cudecoop.coop\/cudecoop\/wp-content\/gallery\/1er-consejo-directivo-2021\/thumbs\/thumbs_2.jpg\"\n\t\t\t\tdata-image-id=\"154\"\n\t\t\t\tdata-title=\"2\"\n\t\t\t\tdata-description=\"\"\n\t\t\t\tdata-image-slug=\"2-2\"\n\t\t\t\tclass=\"ngg-fancybox\" rel=\"1a46ede99f9a7643632b546e688fb15c\">\n\t\t\t\t<img\n\t\t\t\t\ttitle=\"2\"\n\t\t\t\t\talt=\"2\"\n\t\t\t\t\tsrc=\"http:\/\/www.cudecoop.coop\/cudecoop\/wp-content\/gallery\/1er-consejo-directivo-2021\/thumbs\/thumbs_2.jpg\"\n\t\t\t\t\twidth=\"240\"\n\t\t\t\t\theight=\"160\"\n\t\t\t\t\tstyle=\"max-width:100%;\"\n\t\t\t\t\/>\n\t\t\t<\/a>\n\t\t<\/div>\n\t\t\t\t\t\t\t<\/div> \n\t\t\t\n\t\t\n\t\t\t\t<div id=\"ngg-image-2\" class=\"ngg-gallery-thumbnail-box\" \n\t\t\t\t\t\t\t\t\t\t\t>\n\t\t\t\t\t\t<div class=\"ngg-gallery-thumbnail\">\n\t\t\t<a href=\"http:\/\/www.cudecoop.coop\/cudecoop\/wp-content\/gallery\/1er-consejo-directivo-2021\/3.jpg\"\n\t\t\t\ttitle=\"\"\n\t\t\t\tdata-src=\"http:\/\/www.cudecoop.coop\/cudecoop\/wp-content\/gallery\/1er-consejo-directivo-2021\/3.jpg\"\n\t\t\t\tdata-thumbnail=\"http:\/\/www.cudecoop.coop\/cudecoop\/wp-content\/gallery\/1er-consejo-directivo-2021\/thumbs\/thumbs_3.jpg\"\n\t\t\t\tdata-image-id=\"155\"\n\t\t\t\tdata-title=\"3\"\n\t\t\t\tdata-description=\"\"\n\t\t\t\tdata-image-slug=\"3-2\"\n\t\t\t\tclass=\"ngg-fancybox\" rel=\"1a46ede99f9a7643632b546e688fb15c\">\n\t\t\t\t<img\n\t\t\t\t\ttitle=\"3\"\n\t\t\t\t\talt=\"3\"\n\t\t\t\t\tsrc=\"http:\/\/www.cudecoop.coop\/cudecoop\/wp-content\/gallery\/1er-consejo-directivo-2021\/thumbs\/thumbs_3.jpg\"\n\t\t\t\t\twidth=\"240\"\n\t\t\t\t\theight=\"160\"\n\t\t\t\t\tstyle=\"max-width:100%;\"\n\t\t\t\t\/>\n\t\t\t<\/a>\n\t\t<\/div>\n\t\t\t\t\t\t\t<\/div> \n\t\t\t\n\t\t\n\t\t\t\t<div id=\"ngg-image-3\" class=\"ngg-gallery-thumbnail-box\" \n\t\t\t\t\t\t\t\t\t\t\t>\n\t\t\t\t\t\t<div class=\"ngg-gallery-thumbnail\">\n\t\t\t<a href=\"http:\/\/www.cudecoop.coop\/cudecoop\/wp-content\/gallery\/1er-consejo-directivo-2021\/4.jpg\"\n\t\t\t\ttitle=\"\"\n\t\t\t\tdata-src=\"http:\/\/www.cudecoop.coop\/cudecoop\/wp-content\/gallery\/1er-consejo-directivo-2021\/4.jpg\"\n\t\t\t\tdata-thumbnail=\"http:\/\/www.cudecoop.coop\/cudecoop\/wp-content\/gallery\/1er-consejo-directivo-2021\/thumbs\/thumbs_4.jpg\"\n\t\t\t\tdata-image-id=\"156\"\n\t\t\t\tdata-title=\"4\"\n\t\t\t\tdata-description=\"\"\n\t\t\t\tdata-image-slug=\"4-1\"\n\t\t\t\tclass=\"ngg-fancybox\" rel=\"1a46ede99f9a7643632b546e688fb15c\">\n\t\t\t\t<img\n\t\t\t\t\ttitle=\"4\"\n\t\t\t\t\talt=\"4\"\n\t\t\t\t\tsrc=\"http:\/\/www.cudecoop.coop\/cudecoop\/wp-content\/gallery\/1er-consejo-directivo-2021\/thumbs\/thumbs_4.jpg\"\n\t\t\t\t\twidth=\"240\"\n\t\t\t\t\theight=\"160\"\n\t\t\t\t\tstyle=\"max-width:100%;\"\n\t\t\t\t\/>\n\t\t\t<\/a>\n\t\t<\/div>\n\t\t\t\t\t\t\t<\/div> \n\t\t\t\n\t\t\n\t\t\n\t\t<!-- Pagination -->\n\t\t<div class='ngg-clear'><\/div>\t<\/div>\n\n","protected":false},"excerpt":{"rendered":"<p>El martes 23 de febrero se llev\u00f3 a cabo la primer sesi\u00f3n del Consejo Directivo de CUDECOOP de 2021.&nbsp; El mismo se present\u00f3 con grandes desaf\u00edos en cuanto a toma de definiciones necesarias para trabajar en los meses que siguen, las mismas son las siguientes:&nbsp; Se organiz\u00f3 un plan de trabajo para redactar y analizar las reformas que las distintas clases cooperativas organizadas dentro de la Confederaci\u00f3n, quieren realizar a la ley 18.407, general de cooperativas, junto a la Mesa de asesores legales del cooperativismo. Hay ajustes que son generales para todo el cooperativismo, algunos que son transversales, y otros [&#8230;]<\/p>\n","protected":false},"author":27,"featured_media":3442,"comment_status":"open","ping_status":"open","sticky":false,"template":"","format":"standard","meta":{"_acf_changed":false,"ngg_post_thumbnail":0,"footnotes":""},"categories":[7,6,1],"tags":[],"class_list":["post-3440","post","type-post","status-publish","format-standard","has-post-thumbnail","hentry","category-cooperativas","category-institucionales","category-noticias"],"acf":[],"_links":{"self":[{"href":"http:\/\/www.cudecoop.coop\/cudecoop\/wp-json\/wp\/v2\/posts\/3440","targetHints":{"allow":["GET"]}}],"collection":[{"href":"http:\/\/www.cudecoop.coop\/cudecoop\/wp-json\/wp\/v2\/posts"}],"about":[{"href":"http:\/\/www.cudecoop.coop\/cudecoop\/wp-json\/wp\/v2\/types\/post"}],"author":[{"embeddable":true,"href":"http:\/\/www.cudecoop.coop\/cudecoop\/wp-json\/wp\/v2\/users\/27"}],"replies":[{"embeddable":true,"href":"http:\/\/www.cudecoop.coop\/cudecoop\/wp-json\/wp\/v2\/comments?post=3440"}],"version-history":[{"count":3,"href":"http:\/\/www.cudecoop.coop\/cudecoop\/wp-json\/wp\/v2\/posts\/3440\/revisions"}],"predecessor-version":[{"id":3449,"href":"http:\/\/www.cudecoop.coop\/cudecoop\/wp-json\/wp\/v2\/posts\/3440\/revisions\/3449"}],"wp:featuredmedia":[{"embeddable":true,"href":"http:\/\/www.cudecoop.coop\/cudecoop\/wp-json\/wp\/v2\/media\/3442"}],"wp:attachment":[{"href":"http:\/\/www.cudecoop.coop\/cudecoop\/wp-json\/wp\/v2\/media?parent=3440"}],"wp:term":[{"taxonomy":"category","embeddable":true,"href":"http:\/\/www.cudecoop.coop\/cudecoop\/wp-json\/wp\/v2\/categories?post=3440"},{"taxonomy":"post_tag","embeddable":true,"href":"http:\/\/www.cudecoop.coop\/cudecoop\/wp-json\/wp\/v2\/tags?post=3440"}],"curies":[{"name":"wp","href":"https:\/\/api.w.org\/{rel}","templated":true}]}}