{"id":3426,"date":"2021-02-09T16:14:16","date_gmt":"2021-02-09T16:14:16","guid":{"rendered":"http:\/\/www.cudecoop.coop\/cudecoop\/?p=3426"},"modified":"2021-02-09T16:22:30","modified_gmt":"2021-02-09T16:22:30","slug":"llamado-abierto-a-promotores-departamentales","status":"publish","type":"post","link":"http:\/\/www.cudecoop.coop\/cudecoop\/llamado-abierto-a-promotores-departamentales\/","title":{"rendered":"Llamado abierto a promotores departamentales"},"content":{"rendered":"<p>Est\u00e1 abierto el llamado para el cargo de Promotor\/a del Programa de Desarrollo Territorial para los departamentos de Maldonado y Treinta y Tres.<\/p>\n<p>El Promotor T\u00e9cnico de cada Mesa Intercooperativa tendr\u00e1 una dedicaci\u00f3n&nbsp;promedio de 10 horas semanales, en r\u00e9gimen de libre horario para desarrollar<br \/>\nsus funciones, salvo la asistencia a las reuniones a las que se le convoque o la&nbsp;atenci\u00f3n de las tareas que se le asignen que ser\u00e1n de car\u00e1cter obligatorio.<\/p>\n<p>Enviar C.V a:<br \/>\nAlicia Kuster: alicia.kuster130@gmail.com , proregio@cudecoop.coop<br \/>\nConsultas: 099 600 447<br \/>\n<strong>PLAZO: Hasta el 21 de Febrero 2021<\/strong><\/p>\n<p>&nbsp;<\/p>\n<p>Se adjuntan los T\u00e9rminos de Referencia&nbsp;<\/p>\n<p><a href=\"http:\/\/www.cudecoop.coop\/cudecoop\/wp-content\/uploads\/2021\/02\/TdeR-Promotor-PDTC-2021-Maldonado.pdf\">TdeR Promotor PDTC 2021 &#8211; Maldonado<\/a><\/p>\n<p><a href=\"http:\/\/www.cudecoop.coop\/cudecoop\/wp-content\/uploads\/2021\/02\/TdeR-Promotor-PDTC-2021-Treinta-y-Tres.pdf\">TdeR Promotor PDTC 2021 &#8211; Treinta y Tres<\/a><\/p>\n","protected":false},"excerpt":{"rendered":"<p>Est\u00e1 abierto el llamado para el cargo de Promotor\/a del Programa de Desarrollo Territorial para los departamentos de Maldonado y Treinta y Tres. El Promotor T\u00e9cnico de cada Mesa Intercooperativa tendr\u00e1 una dedicaci\u00f3n&nbsp;promedio de 10 horas semanales, en r\u00e9gimen de libre horario para desarrollar<br \/> sus funciones, salvo la asistencia a las reuniones a las que se le convoque o la&nbsp;atenci\u00f3n de las tareas que se le asignen que ser\u00e1n de car\u00e1cter obligatorio. Enviar C.V a:<br \/> Alicia Kuster: alicia.kuster130@gmail.com , proregio@cudecoop.coop<br \/> Consultas: 099 600 447<br \/> PLAZO: Hasta el 21 de Febrero 2021 &nbsp; Se adjuntan los T\u00e9rminos [&#8230;]<\/p>\n","protected":false},"author":27,"featured_media":0,"comment_status":"open","ping_status":"open","sticky":false,"template":"","format":"standard","meta":{"_acf_changed":false,"ngg_post_thumbnail":0,"footnotes":""},"categories":[7,6,1],"tags":[],"class_list":["post-3426","post","type-post","status-publish","format-standard","hentry","category-cooperativas","category-institucionales","category-noticias"],"acf":[],"_links":{"self":[{"href":"http:\/\/www.cudecoop.coop\/cudecoop\/wp-json\/wp\/v2\/posts\/3426","targetHints":{"allow":["GET"]}}],"collection":[{"href":"http:\/\/www.cudecoop.coop\/cudecoop\/wp-json\/wp\/v2\/posts"}],"about":[{"href":"http:\/\/www.cudecoop.coop\/cudecoop\/wp-json\/wp\/v2\/types\/post"}],"author":[{"embeddable":true,"href":"http:\/\/www.cudecoop.coop\/cudecoop\/wp-json\/wp\/v2\/users\/27"}],"replies":[{"embeddable":true,"href":"http:\/\/www.cudecoop.coop\/cudecoop\/wp-json\/wp\/v2\/comments?post=3426"}],"version-history":[{"count":1,"href":"http:\/\/www.cudecoop.coop\/cudecoop\/wp-json\/wp\/v2\/posts\/3426\/revisions"}],"predecessor-version":[{"id":3429,"href":"http:\/\/www.cudecoop.coop\/cudecoop\/wp-json\/wp\/v2\/posts\/3426\/revisions\/3429"}],"wp:attachment":[{"href":"http:\/\/www.cudecoop.coop\/cudecoop\/wp-json\/wp\/v2\/media?parent=3426"}],"wp:term":[{"taxonomy":"category","embeddable":true,"href":"http:\/\/www.cudecoop.coop\/cudecoop\/wp-json\/wp\/v2\/categories?post=3426"},{"taxonomy":"post_tag","embeddable":true,"href":"http:\/\/www.cudecoop.coop\/cudecoop\/wp-json\/wp\/v2\/tags?post=3426"}],"curies":[{"name":"wp","href":"https:\/\/api.w.org\/{rel}","templated":true}]}}