{"id":3421,"date":"2021-02-09T15:26:58","date_gmt":"2021-02-09T15:26:58","guid":{"rendered":"http:\/\/www.cudecoop.coop\/cudecoop\/?p=3421"},"modified":"2021-04-16T14:20:04","modified_gmt":"2021-04-16T14:20:04","slug":"estan-abiertas-las-inscripciones-para-el-curso-de-especialista-en-gestion-cooperativa","status":"publish","type":"post","link":"http:\/\/www.cudecoop.coop\/cudecoop\/estan-abiertas-las-inscripciones-para-el-curso-de-especialista-en-gestion-cooperativa\/","title":{"rendered":"Est\u00e1n abiertas las inscripciones para el curso de Especialista en Gesti\u00f3n Cooperativa"},"content":{"rendered":"<p>La 9na edici\u00f3n del curso de Especialista en Gesti\u00f3n Cooperativa inicia sus cursos el pr\u00f3ximo lunes 5 de abril. Inscribi\u00e9ndose antes del 19 de marzo se obtiene el beneficio de un 10% de descuento en el valor del mismo.<\/p>\n<p>El curso tiene por finalidad generar en los participantes las competencias necesarias para la gesti\u00f3n integral de las cooperativas desde sus respectivos roles tanto institucionales como t\u00e9cnicos.<\/p>\n<p>Destinado a dirigentes de Cooperativas que cumplen roles institucionales y\/o t\u00e9cnicos en los Comit\u00e9s de Educaci\u00f3n, Fomento e Integraci\u00f3n Cooperativa.- Tambi\u00e9n est\u00e1 dirigido a profesionales y t\u00e9cnicos que trabajan vinculados al sector o que buscan hacerlo. Tanto para participantes de Uruguay como de otros pa\u00edses.<\/p>\n<p><a href=\"http:\/\/www.cudecoop.coop\/cudecoop\/educacion-cooperativa\/\">Ingresa aqu\u00ed al formulario de inscripci\u00f3n<\/a><\/p>\n<h1><strong>INSCRIPCIONES<\/strong><\/h1>\n<p>La preinscripci\u00f3n se realiza completando el formulario disponible en el sitio. La inscripci\u00f3n se efectiviza una vez abonado el curso lo que deber\u00e1 hacerse antes del 26 de marzo de 2021. COSTO $39.000&nbsp;<\/p>\n<p><strong>Descuentos previstos:<\/strong>&nbsp;10% de descuento para aquellas inscripciones que se realicen antes del 12 de marzo de 2021, o 10 % para grupos de 3 o m\u00e1s personas.<\/p>\n<p><strong>Posibilidades becas parciales:<\/strong>&nbsp;Se podr\u00e1 contemplar, mediante becas, las situaciones especiales de aquellas cooperativas que lo justifiquen.&nbsp;<\/p>\n<p>Consultar a trav\u00e9s de la web:&nbsp;<a href=\"https:\/\/www.inacoop.org.uy\/becas\">https:\/\/www.inacoop.org.uy\/becas<\/a>, o por los tel\u00e9fonos 2902 9355 \u2013 2902 5339 interno 304.<\/p>\n<p><strong>Financiaci\u00f3n y\/o deducciones:<\/strong>&nbsp;Consultar en CUDECOOP. Las cooperativas disponen de instrumentos, previstos en la Ley General Nro. 18.407, para acceder a trav\u00e9s del INACOOP a becas destinadas a la capacitaci\u00f3n y formaci\u00f3n de sus socios. Entre ellos, recordamos la existencia del Fondo de Educaci\u00f3n previsto en los Art\u00edculos 70 y 76 de Ley, as\u00ed como las disposiciones relativas a la Prestaci\u00f3n Coactiva, incluidas en Art\u00edculo 204, y el numeral 11 del Art\u00edculo 205.1 Sobre las deducciones a la prestaci\u00f3n coactiva.<\/p>\n<p>De acuerdo a lo que establece la ley, las cooperativas podr\u00e1n deducir del total que les corresponde pagar por prestaci\u00f3n coactiva un m\u00e1ximo del 15 % por concepto de afiliaciones a entidades cooperativas de grado superior de car\u00e1cter gremial y otros servicios que estas entidades prestan. Por lo tanto, y a modo de ejemplo, si la cooperativa deduce de la prestaci\u00f3n coactiva el pago de la cuota gremial y esta representa un 10 % de lo que le corresponde pagar.&nbsp;<\/p>\n<p>Al final de este documento reproducimos el texto de los art\u00edculos mencionados. Solamente podr\u00e1 deducir para el pago del curso el restante 5 % (es decir, hasta alcanzar el m\u00e1ximo del 15 % que establece la ley).<\/p>\n<h2><strong>FORMA DE PAGO<\/strong><\/h2>\n<p>El curso podr\u00e1 abonarse de las siguientes maneras:<\/p>\n<ul>\n<li>1 \u2013&nbsp;<strong>Personalmente<\/strong>. En la sede de CUDECOOP (18 de Julio 948. Oficina 502) de lunes a viernes de 9 a 16 horas.<\/li>\n<li>2 \u2013&nbsp;<strong>Mediante dep\u00f3sito bancario.&nbsp;<\/strong>El dep\u00f3sito podr\u00e1 realizarse en algunas de las siguientes cuentas: a) Banco Santander Cuenta Corriente en pesos uruguayos Nro. 4089715 b) Banco Santander. Cuenta Corriente en d\u00f3lares Nro. 4131169. c) BANDES,<br \/>\nCuenta Corriente en pesos y d\u00f3lares Nro. 5781.<\/li>\n<li><strong>3 \u2013 Mediante giro a trav\u00e9s de las redes de cobranza descentralizada RED PAGOS o ABITAB<\/strong>.<br \/>\nLos interesados en utilizar esta forma de pago deber\u00e1n ponerse en contacto con CUDECOOP para obtener los detalles (Nombre y CI) a los que deber\u00e1 remitirse el dinero.<br \/>\n\u2022 En caso de efectuarse el pago en pesos uruguayos deber\u00e1 considerarse el valor del d\u00f3lar pizarra venta del BROU del d\u00eda en que se efect\u00faa el pago.<\/li>\n<\/ul>\n<h2><strong>DATOS DE CONTACTO<\/strong><\/h2>\n<p><strong>Confederaci\u00f3n Uruguaya de Entidades Cooperativas \u2013CUDECOOP-<\/strong><\/p>\n<p><strong>Av. 18 de Julio 948 of. 502<\/strong><\/p>\n<p><strong>2902 5339 int. 305<\/strong><\/p>\n<p>&nbsp;<\/p>\n","protected":false},"excerpt":{"rendered":"<p>La 9na edici\u00f3n del curso de Especialista en Gesti\u00f3n Cooperativa inicia sus cursos el pr\u00f3ximo lunes 5 de abril. Inscribi\u00e9ndose antes del 19 de marzo se obtiene el beneficio de un 10% de descuento en el valor del mismo. El curso tiene por finalidad generar en los participantes las competencias necesarias para la gesti\u00f3n integral de las cooperativas desde sus respectivos roles tanto institucionales como t\u00e9cnicos. Destinado a dirigentes de Cooperativas que cumplen roles institucionales y\/o t\u00e9cnicos en los Comit\u00e9s de Educaci\u00f3n, Fomento e Integraci\u00f3n Cooperativa.- Tambi\u00e9n est\u00e1 dirigido a profesionales y t\u00e9cnicos que trabajan vinculados al sector o que [&#8230;]<\/p>\n","protected":false},"author":27,"featured_media":3430,"comment_status":"open","ping_status":"open","sticky":false,"template":"","format":"standard","meta":{"_acf_changed":false,"ngg_post_thumbnail":0,"footnotes":""},"categories":[7,6,1],"tags":[],"class_list":["post-3421","post","type-post","status-publish","format-standard","has-post-thumbnail","hentry","category-cooperativas","category-institucionales","category-noticias"],"acf":[],"_links":{"self":[{"href":"http:\/\/www.cudecoop.coop\/cudecoop\/wp-json\/wp\/v2\/posts\/3421","targetHints":{"allow":["GET"]}}],"collection":[{"href":"http:\/\/www.cudecoop.coop\/cudecoop\/wp-json\/wp\/v2\/posts"}],"about":[{"href":"http:\/\/www.cudecoop.coop\/cudecoop\/wp-json\/wp\/v2\/types\/post"}],"author":[{"embeddable":true,"href":"http:\/\/www.cudecoop.coop\/cudecoop\/wp-json\/wp\/v2\/users\/27"}],"replies":[{"embeddable":true,"href":"http:\/\/www.cudecoop.coop\/cudecoop\/wp-json\/wp\/v2\/comments?post=3421"}],"version-history":[{"count":7,"href":"http:\/\/www.cudecoop.coop\/cudecoop\/wp-json\/wp\/v2\/posts\/3421\/revisions"}],"predecessor-version":[{"id":3459,"href":"http:\/\/www.cudecoop.coop\/cudecoop\/wp-json\/wp\/v2\/posts\/3421\/revisions\/3459"}],"wp:featuredmedia":[{"embeddable":true,"href":"http:\/\/www.cudecoop.coop\/cudecoop\/wp-json\/wp\/v2\/media\/3430"}],"wp:attachment":[{"href":"http:\/\/www.cudecoop.coop\/cudecoop\/wp-json\/wp\/v2\/media?parent=3421"}],"wp:term":[{"taxonomy":"category","embeddable":true,"href":"http:\/\/www.cudecoop.coop\/cudecoop\/wp-json\/wp\/v2\/categories?post=3421"},{"taxonomy":"post_tag","embeddable":true,"href":"http:\/\/www.cudecoop.coop\/cudecoop\/wp-json\/wp\/v2\/tags?post=3421"}],"curies":[{"name":"wp","href":"https:\/\/api.w.org\/{rel}","templated":true}]}}