{"id":3418,"date":"2021-02-08T20:07:38","date_gmt":"2021-02-08T20:07:38","guid":{"rendered":"http:\/\/www.cudecoop.coop\/cudecoop\/?p=3418"},"modified":"2021-02-08T20:07:38","modified_gmt":"2021-02-08T20:07:38","slug":"economia-social-presente-en-el-decreto-para-el-literal-n","status":"publish","type":"post","link":"http:\/\/www.cudecoop.coop\/cudecoop\/economia-social-presente-en-el-decreto-para-el-literal-n\/","title":{"rendered":"Econom\u00eda Social presente en el Decreto para el Literal \u00d1"},"content":{"rendered":"<p>A partir de las gestiones realizadas por el Comit\u00e9 Ejecutivo de CUDECOOP ante el Ministro de Trabajo, Pablo Mieres, sobre el nuevo decreto del Poder Ejecutivo para la instrumentaci\u00f3n del Literal \u00d1, se logr\u00f3 que se tome en cuenta a la Econom\u00eda Social dentro del mismo, bajo la representaci\u00f3n de CUDECOOP como la organizaci\u00f3n m\u00e1s representativa del sector.&nbsp;<\/p>\n<p>Dejamos adjunto el decreto reglamentario.<\/p>\n<p><a href=\"http:\/\/www.cudecoop.coop\/cudecoop\/wp-content\/uploads\/2021\/02\/Decreto-Lit-\u00d1-Version-23.12.2020-1c.pdf\">Decreto Lit \u00d1 Version 23.12.2020 (1)c<\/a><\/p>\n<p>&nbsp;<\/p>\n","protected":false},"excerpt":{"rendered":"<p>A partir de las gestiones realizadas por el Comit\u00e9 Ejecutivo de CUDECOOP ante el Ministro de Trabajo, Pablo Mieres, sobre el nuevo decreto del Poder Ejecutivo para la instrumentaci\u00f3n del Literal \u00d1, se logr\u00f3 que se tome en cuenta a la Econom\u00eda Social dentro del mismo, bajo la representaci\u00f3n de CUDECOOP como la organizaci\u00f3n m\u00e1s representativa del sector.&nbsp; Dejamos adjunto el decreto reglamentario. Decreto Lit \u00d1 Version 23.12.2020 (1)c [&#8230;]<\/p>\n","protected":false},"author":27,"featured_media":0,"comment_status":"open","ping_status":"open","sticky":false,"template":"","format":"standard","meta":{"_acf_changed":false,"ngg_post_thumbnail":0,"footnotes":""},"categories":[7,6,1],"tags":[],"class_list":["post-3418","post","type-post","status-publish","format-standard","hentry","category-cooperativas","category-institucionales","category-noticias"],"acf":[],"_links":{"self":[{"href":"http:\/\/www.cudecoop.coop\/cudecoop\/wp-json\/wp\/v2\/posts\/3418","targetHints":{"allow":["GET"]}}],"collection":[{"href":"http:\/\/www.cudecoop.coop\/cudecoop\/wp-json\/wp\/v2\/posts"}],"about":[{"href":"http:\/\/www.cudecoop.coop\/cudecoop\/wp-json\/wp\/v2\/types\/post"}],"author":[{"embeddable":true,"href":"http:\/\/www.cudecoop.coop\/cudecoop\/wp-json\/wp\/v2\/users\/27"}],"replies":[{"embeddable":true,"href":"http:\/\/www.cudecoop.coop\/cudecoop\/wp-json\/wp\/v2\/comments?post=3418"}],"version-history":[{"count":1,"href":"http:\/\/www.cudecoop.coop\/cudecoop\/wp-json\/wp\/v2\/posts\/3418\/revisions"}],"predecessor-version":[{"id":3420,"href":"http:\/\/www.cudecoop.coop\/cudecoop\/wp-json\/wp\/v2\/posts\/3418\/revisions\/3420"}],"wp:attachment":[{"href":"http:\/\/www.cudecoop.coop\/cudecoop\/wp-json\/wp\/v2\/media?parent=3418"}],"wp:term":[{"taxonomy":"category","embeddable":true,"href":"http:\/\/www.cudecoop.coop\/cudecoop\/wp-json\/wp\/v2\/categories?post=3418"},{"taxonomy":"post_tag","embeddable":true,"href":"http:\/\/www.cudecoop.coop\/cudecoop\/wp-json\/wp\/v2\/tags?post=3418"}],"curies":[{"name":"wp","href":"https:\/\/api.w.org\/{rel}","templated":true}]}}