{"id":3409,"date":"2021-01-16T15:34:47","date_gmt":"2021-01-16T15:34:47","guid":{"rendered":"http:\/\/www.cudecoop.coop\/cudecoop\/?p=3409"},"modified":"2021-01-16T15:44:28","modified_gmt":"2021-01-16T15:44:28","slug":"no-instalacion-en-el-interior-de-3-juzgados-especializados-en-violencia-de-genero","status":"publish","type":"post","link":"http:\/\/www.cudecoop.coop\/cudecoop\/no-instalacion-en-el-interior-de-3-juzgados-especializados-en-violencia-de-genero\/","title":{"rendered":"Comunicado de Cudecoop sobre la no instalaci\u00f3n en el interior de 3 Juzgados especializados en violencia de G\u00e9nero"},"content":{"rendered":"<p><strong>COMUNICADO DE CUDECOOP<\/strong><\/p>\n<p>La Confederaci\u00f3n Uruguaya de Entidades Cooperativas (CUDECOOP) expresa su preocupaci\u00f3n por la Resoluci\u00f3n tomada por la Suprema Corte de Justicia de la no instalaci\u00f3n en el interior de 3 Juzgados especializados en violencia de g\u00e9nero. Consecuencia de un presupuesto magro del Poder Ejecutivo y aprobado por la mayor\u00eda del Poder Legislativo.<\/p>\n<p>Los avances conseguidos a trav\u00e9s de la Leyes 17.514 y 19.580 quedan desafortunadamente minimizados al no establecerse los \u00f3rganos que est\u00e1n destinados a canalizar las demandas de justicia que todas las personas que necesiten recurrir al Poder Judicial y ser amparados en los derechos establecidos.<\/p>\n<p>La situaci\u00f3n de Uruguay, resulta extremadamente preocupante con \u00edndices que las actuales condiciones sociales han agravado. Sin embargo, luego de haberse votado en la Ley de Presupuesto- su instalaci\u00f3n y la reasignaci\u00f3n de recursos- nos encontramos con esta realidad que no responde ni a la situaci\u00f3n que se vive en el interior, especialmente en el Norte del pa\u00eds, ni en otras zonas del Uruguay.<\/p>\n<p>Desde distintos \u00e1mbitos de los Poderes Judicial, Legislativo y Ejecutivo se hab\u00edan manifestado en favor de la m\u00e1s pronta instalaci\u00f3n de los Juzgados referidos.<\/p>\n<p>Rechazamos la resoluci\u00f3n tomada por la Suprema Corte de Justicia y la ausencia de una reacci\u00f3n del Poder Ejecutivo y el Legislativo, resultando inentendible qu\u00e9 poderosas razones pudieron operar para tal decisi\u00f3n y para el silencio de los otros Poderes del Estado.<\/p>\n<p>Seguiremos impulsando, todas y cada una de las acciones que lleven a que se cumpla con lo establecido en los marcos normativos, propugnar de manera urgente el cumplimiento de los compromisos institucionales y \u00e9ticos en favor de una causa que limita el ejercicio de los derechos ciudadanos consagrados en la Constituci\u00f3n de la Republica y en las leyes del pa\u00eds.<\/p>\n<p>&nbsp;<\/p>\n<p>Montevideo, 15 de enero de 2021.<\/p>\n<p>&nbsp;<\/p>\n","protected":false},"excerpt":{"rendered":"<p>COMUNICADO DE CUDECOOP La Confederaci\u00f3n Uruguaya de Entidades Cooperativas (CUDECOOP) expresa su preocupaci\u00f3n por la Resoluci\u00f3n tomada por la Suprema Corte de Justicia de la no instalaci\u00f3n en el interior de 3 Juzgados especializados en violencia de g\u00e9nero. Consecuencia de un presupuesto magro del Poder Ejecutivo y aprobado por la mayor\u00eda del Poder Legislativo. Los avances conseguidos a trav\u00e9s de la Leyes 17.514 y 19.580 quedan desafortunadamente minimizados al no establecerse los \u00f3rganos que est\u00e1n destinados a canalizar las demandas de justicia que todas las personas que necesiten recurrir al Poder Judicial y ser amparados en los derechos establecidos. La [&#8230;]<\/p>\n","protected":false},"author":27,"featured_media":0,"comment_status":"open","ping_status":"open","sticky":false,"template":"","format":"standard","meta":{"_acf_changed":false,"ngg_post_thumbnail":0,"footnotes":""},"categories":[7,6,1],"tags":[],"class_list":["post-3409","post","type-post","status-publish","format-standard","hentry","category-cooperativas","category-institucionales","category-noticias"],"acf":[],"_links":{"self":[{"href":"http:\/\/www.cudecoop.coop\/cudecoop\/wp-json\/wp\/v2\/posts\/3409","targetHints":{"allow":["GET"]}}],"collection":[{"href":"http:\/\/www.cudecoop.coop\/cudecoop\/wp-json\/wp\/v2\/posts"}],"about":[{"href":"http:\/\/www.cudecoop.coop\/cudecoop\/wp-json\/wp\/v2\/types\/post"}],"author":[{"embeddable":true,"href":"http:\/\/www.cudecoop.coop\/cudecoop\/wp-json\/wp\/v2\/users\/27"}],"replies":[{"embeddable":true,"href":"http:\/\/www.cudecoop.coop\/cudecoop\/wp-json\/wp\/v2\/comments?post=3409"}],"version-history":[{"count":2,"href":"http:\/\/www.cudecoop.coop\/cudecoop\/wp-json\/wp\/v2\/posts\/3409\/revisions"}],"predecessor-version":[{"id":3411,"href":"http:\/\/www.cudecoop.coop\/cudecoop\/wp-json\/wp\/v2\/posts\/3409\/revisions\/3411"}],"wp:attachment":[{"href":"http:\/\/www.cudecoop.coop\/cudecoop\/wp-json\/wp\/v2\/media?parent=3409"}],"wp:term":[{"taxonomy":"category","embeddable":true,"href":"http:\/\/www.cudecoop.coop\/cudecoop\/wp-json\/wp\/v2\/categories?post=3409"},{"taxonomy":"post_tag","embeddable":true,"href":"http:\/\/www.cudecoop.coop\/cudecoop\/wp-json\/wp\/v2\/tags?post=3409"}],"curies":[{"name":"wp","href":"https:\/\/api.w.org\/{rel}","templated":true}]}}