{"id":3401,"date":"2020-12-23T14:57:51","date_gmt":"2020-12-23T14:57:51","guid":{"rendered":"http:\/\/www.cudecoop.coop\/cudecoop\/?p=3401"},"modified":"2020-12-23T15:17:14","modified_gmt":"2020-12-23T15:17:14","slug":"se-firmo-acuerdo-marco-entre-cudecoop-e-inacoop","status":"publish","type":"post","link":"http:\/\/www.cudecoop.coop\/cudecoop\/se-firmo-acuerdo-marco-entre-cudecoop-e-inacoop\/","title":{"rendered":"Se firm\u00f3 acuerdo marco entre CUDECOOP e INACOOP"},"content":{"rendered":"<p>El mi\u00e9rcoles 23 de diciembre la presidenta de Cudecoop, Alicia Maneiro, junto a la Secretaria, Marisol Fuentes, firmaron junto al presidente de Inacoop, Mart\u00edn Fern\u00e1ndez, el acuerdo marco entre Cudecoop e Inacoop para los fortalecimientos gremiales cooperativos y el proyecto de desarrollo cooperativo territorial.<\/p>\n<p>Esta firma representa el acuerdo que da lugar a los convenios de fortalecimiento gremial que se firmar\u00e1n a finales de diciembre entre las federaciones cooperativas e Inacoop.<\/p>\n<p>&#8220;Lograr estas firmas en este contexto y en estas fechas habla muy bien sobre el esfuerzo realizado por las instituciones y por cada una de las federaciones beneficiarias del convenio que van a poder seguir trabajando en lo que se venia haciendo. Para nosotros son convenios fundamentales para seguir enfrentando esta etapa que viene compleja&#8221; destac\u00f3 la Presidenta de CUDECOOP.&nbsp;<\/p>\n<p>Tambi\u00e9n se firm\u00f3 la continuidad del proyecto de desarrollo cooperativo territorial que estimula el trabajo de las mesas intercooperativas en todo el territorio nacional.<\/p>\n<p>&#8220;Es un logro que estos convenios se hayan firmado a dos a\u00f1os. Esta vez tenemos la tranquilidad de un trabajo planificado m\u00e1s extenso. Destacamos el trabajo realizado por las federaciones en tiempo y calidad&nbsp; para llegar ahora con estas firmas. Realizaron un excelente intercambio entre equipos t\u00e9cnicos y se permiti\u00f3 ajustar los detalles necesarios para que no se reciban observaciones de parte de Inacoop.&#8221; Destac\u00f3 la Secretaria de CUDECOOP.<\/p>\n<p>&nbsp;<\/p>\n<p>&nbsp;<\/p>\n","protected":false},"excerpt":{"rendered":"<p>El mi\u00e9rcoles 23 de diciembre la presidenta de Cudecoop, Alicia Maneiro, junto a la Secretaria, Marisol Fuentes, firmaron junto al presidente de Inacoop, Mart\u00edn Fern\u00e1ndez, el acuerdo marco entre Cudecoop e Inacoop para los fortalecimientos gremiales cooperativos y el proyecto de desarrollo cooperativo territorial. Esta firma representa el acuerdo que da lugar a los convenios de fortalecimiento gremial que se firmar\u00e1n a finales de diciembre entre las federaciones cooperativas e Inacoop. &#8220;Lograr estas firmas en este contexto y en estas fechas habla muy bien sobre el esfuerzo realizado por las instituciones y por cada una de las federaciones beneficiarias del [&#8230;]<\/p>\n","protected":false},"author":27,"featured_media":3403,"comment_status":"open","ping_status":"open","sticky":false,"template":"","format":"standard","meta":{"_acf_changed":false,"ngg_post_thumbnail":0,"footnotes":""},"categories":[7,6,1],"tags":[],"class_list":["post-3401","post","type-post","status-publish","format-standard","has-post-thumbnail","hentry","category-cooperativas","category-institucionales","category-noticias"],"acf":[],"_links":{"self":[{"href":"http:\/\/www.cudecoop.coop\/cudecoop\/wp-json\/wp\/v2\/posts\/3401","targetHints":{"allow":["GET"]}}],"collection":[{"href":"http:\/\/www.cudecoop.coop\/cudecoop\/wp-json\/wp\/v2\/posts"}],"about":[{"href":"http:\/\/www.cudecoop.coop\/cudecoop\/wp-json\/wp\/v2\/types\/post"}],"author":[{"embeddable":true,"href":"http:\/\/www.cudecoop.coop\/cudecoop\/wp-json\/wp\/v2\/users\/27"}],"replies":[{"embeddable":true,"href":"http:\/\/www.cudecoop.coop\/cudecoop\/wp-json\/wp\/v2\/comments?post=3401"}],"version-history":[{"count":4,"href":"http:\/\/www.cudecoop.coop\/cudecoop\/wp-json\/wp\/v2\/posts\/3401\/revisions"}],"predecessor-version":[{"id":3405,"href":"http:\/\/www.cudecoop.coop\/cudecoop\/wp-json\/wp\/v2\/posts\/3401\/revisions\/3405"}],"wp:featuredmedia":[{"embeddable":true,"href":"http:\/\/www.cudecoop.coop\/cudecoop\/wp-json\/wp\/v2\/media\/3403"}],"wp:attachment":[{"href":"http:\/\/www.cudecoop.coop\/cudecoop\/wp-json\/wp\/v2\/media?parent=3401"}],"wp:term":[{"taxonomy":"category","embeddable":true,"href":"http:\/\/www.cudecoop.coop\/cudecoop\/wp-json\/wp\/v2\/categories?post=3401"},{"taxonomy":"post_tag","embeddable":true,"href":"http:\/\/www.cudecoop.coop\/cudecoop\/wp-json\/wp\/v2\/tags?post=3401"}],"curies":[{"name":"wp","href":"https:\/\/api.w.org\/{rel}","templated":true}]}}