{"id":3397,"date":"2020-12-07T18:11:45","date_gmt":"2020-12-07T18:11:45","guid":{"rendered":"http:\/\/www.cudecoop.coop\/cudecoop\/?p=3397"},"modified":"2020-12-07T18:11:45","modified_gmt":"2020-12-07T18:11:45","slug":"el-movimiento-cooperativo-lamenta-la-perdida-del-dr-tabare-vazquez","status":"publish","type":"post","link":"http:\/\/www.cudecoop.coop\/cudecoop\/el-movimiento-cooperativo-lamenta-la-perdida-del-dr-tabare-vazquez\/","title":{"rendered":"El movimiento cooperativo lamenta la p\u00e9rdida del Dr. Tabar\u00e9 V\u00e1zquez"},"content":{"rendered":"<p>Ante el reciente fallecimiento del ex presidente de la Rep\u00fablica, Dr. Tabar\u00e9 V\u00e1zquez, el cooperativismo destaca su actuaci\u00f3n por el sector.<\/p>\n<p>Se reconoce en su persona, la trayectoria e impulso brindado desde su calidad humana, pol\u00edtica y profesional, para que el cooperativismo cuente hoy con una ley general de cooperativas, un Instituto Nacional del Cooperativismo, un cooperativismo de viviendas expandido, un cooperativismo de trabajo con mayor consolidaci\u00f3n.<\/p>\n<p>Hacemos llegar un fraternal saludo a su familia, familiares, amigos y a todo el pa\u00eds.<\/p>\n<p>&nbsp;<\/p>\n<p>CONFEDERACI\u00d3N URUGUAYA DE ENTIDADES COOPERATIVAS&nbsp;<\/p>\n","protected":false},"excerpt":{"rendered":"<p>Ante el reciente fallecimiento del ex presidente de la Rep\u00fablica, Dr. Tabar\u00e9 V\u00e1zquez, el cooperativismo destaca su actuaci\u00f3n por el sector. Se reconoce en su persona, la trayectoria e impulso brindado desde su calidad humana, pol\u00edtica y profesional, para que el cooperativismo cuente hoy con una ley general de cooperativas, un Instituto Nacional del Cooperativismo, un cooperativismo de viviendas expandido, un cooperativismo de trabajo con mayor consolidaci\u00f3n. Hacemos llegar un fraternal saludo a su familia, familiares, amigos y a todo el pa\u00eds. &nbsp; CONFEDERACI\u00d3N URUGUAYA DE ENTIDADES [&#8230;]<\/p>\n","protected":false},"author":27,"featured_media":3398,"comment_status":"open","ping_status":"open","sticky":false,"template":"","format":"standard","meta":{"_acf_changed":false,"ngg_post_thumbnail":0,"footnotes":""},"categories":[7,6,1],"tags":[],"class_list":["post-3397","post","type-post","status-publish","format-standard","has-post-thumbnail","hentry","category-cooperativas","category-institucionales","category-noticias"],"acf":[],"_links":{"self":[{"href":"http:\/\/www.cudecoop.coop\/cudecoop\/wp-json\/wp\/v2\/posts\/3397","targetHints":{"allow":["GET"]}}],"collection":[{"href":"http:\/\/www.cudecoop.coop\/cudecoop\/wp-json\/wp\/v2\/posts"}],"about":[{"href":"http:\/\/www.cudecoop.coop\/cudecoop\/wp-json\/wp\/v2\/types\/post"}],"author":[{"embeddable":true,"href":"http:\/\/www.cudecoop.coop\/cudecoop\/wp-json\/wp\/v2\/users\/27"}],"replies":[{"embeddable":true,"href":"http:\/\/www.cudecoop.coop\/cudecoop\/wp-json\/wp\/v2\/comments?post=3397"}],"version-history":[{"count":1,"href":"http:\/\/www.cudecoop.coop\/cudecoop\/wp-json\/wp\/v2\/posts\/3397\/revisions"}],"predecessor-version":[{"id":3399,"href":"http:\/\/www.cudecoop.coop\/cudecoop\/wp-json\/wp\/v2\/posts\/3397\/revisions\/3399"}],"wp:featuredmedia":[{"embeddable":true,"href":"http:\/\/www.cudecoop.coop\/cudecoop\/wp-json\/wp\/v2\/media\/3398"}],"wp:attachment":[{"href":"http:\/\/www.cudecoop.coop\/cudecoop\/wp-json\/wp\/v2\/media?parent=3397"}],"wp:term":[{"taxonomy":"category","embeddable":true,"href":"http:\/\/www.cudecoop.coop\/cudecoop\/wp-json\/wp\/v2\/categories?post=3397"},{"taxonomy":"post_tag","embeddable":true,"href":"http:\/\/www.cudecoop.coop\/cudecoop\/wp-json\/wp\/v2\/tags?post=3397"}],"curies":[{"name":"wp","href":"https:\/\/api.w.org\/{rel}","templated":true}]}}