{"id":3394,"date":"2020-11-25T17:58:04","date_gmt":"2020-11-25T17:58:04","guid":{"rendered":"http:\/\/www.cudecoop.coop\/cudecoop\/?p=3394"},"modified":"2020-11-25T17:58:04","modified_gmt":"2020-11-25T17:58:04","slug":"declaratoria-dia-internacional-de-la-eliminacion-de-la-violencia-hacia-la-mujer-2","status":"publish","type":"post","link":"http:\/\/www.cudecoop.coop\/cudecoop\/declaratoria-dia-internacional-de-la-eliminacion-de-la-violencia-hacia-la-mujer-2\/","title":{"rendered":"Declaratoria D\u00eda internacional de la eliminaci\u00f3n de la violencia hacia la mujer"},"content":{"rendered":"<p>En el marco de la conmemoraci\u00f3n del D\u00eda Internacional de la Eliminaci\u00f3n de la Violencia contra la Mujer, desde la Comisi\u00f3n de G\u00e9nero de CUDECOOP queremos manifestar una vez m\u00e1s nuestro compromiso con la eliminaci\u00f3n de todas las formas de violencia contra todas las mujeres y las ni\u00f1as, visualiz\u00e1ndola como una problem\u00e1tica que ata\u00f1e al movimiento cooperativo.<\/p>\n<p>Estamos comprometidos con los ODS y sobre todo trabajamos constantemente en: \u201cLograr la igualdad entre los g\u00e9neros y empoderar a todas las mujeres y las ni\u00f1as\u201d (Objetivo 5).<br \/>\nTal como define ONU Mujeres, la violencia contra mujeres y ni\u00f1as constituye una grave violaci\u00f3n de los derechos humanos, teniendo impactos tanto inmediatos como de largo alcance y trayendo consigo consecuencias f\u00edsicas, sexuales, psicol\u00f3gicas, e incluso mortales, para mujeres y ni\u00f1as. Afecta negativamente, as\u00ed, el bienestar de las mujeres e impide su plena participaci\u00f3n en la sociedad.<\/p>\n<p>Sin duda que la igualdad de g\u00e9nero y derechos de las mujeres conseguidos a lo largo de las \u00faltimas d\u00e9cadas est\u00e1 en peligro como consecuencia de la pandemia de la COVID-19. Las mujeres no solo son las m\u00e1s afectadas por esta pandemia, sino que tambi\u00e9n son la columna vertebral de la recuperaci\u00f3n en las comunidades.<\/p>\n<p>Tras varias d\u00e9cadas de movilizaciones promovidas por la sociedad civil y los movimientos de mujeres, se ha conseguido incluir la erradicaci\u00f3n de la violencia de g\u00e9nero en las agendas nacionales e internacionales. Sin embargo, a\u00fan quedan grandes desaf\u00edos por enfrentar en este sentido y no perder lo ya logrado hasta ahora. Los datos estad\u00edsticos desde las instituciones y organizaciones de la Sociedad Civil ponen de manifiesto que las denuncias por violencia y femicidos no se han detenido y a su vez, se han incrementado enormemente con la pandemia. Sigue siendo una severa problem\u00e1tica que se vuelve imperativo atender.<\/p>\n<p>Desde el movimiento cooperativo asumimos la relevancia de esta problem\u00e1tica y nos comprometemos con su erradicaci\u00f3n. Para promover la visibilizaci\u00f3n y acci\u00f3n en cada espacio, desde CUDECOOP adherimos y difundimos la Alianza Cooperativa por la No Violencia de G\u00e9nero, generada desde la Federaci\u00f3n de Cooperativas de Producci\u00f3n del Uruguay, a trav\u00e9s de la firma de un acta compromiso que clarifica acciones para que cada cooperativa y cooperativista se responsabilice activamente con su eliminaci\u00f3n.<\/p>\n","protected":false},"excerpt":{"rendered":"<p>En el marco de la conmemoraci\u00f3n del D\u00eda Internacional de la Eliminaci\u00f3n de la Violencia contra la Mujer, desde la Comisi\u00f3n de G\u00e9nero de CUDECOOP queremos manifestar una vez m\u00e1s nuestro compromiso con la eliminaci\u00f3n de todas las formas de violencia contra todas las mujeres y las ni\u00f1as, visualiz\u00e1ndola como una problem\u00e1tica que ata\u00f1e al movimiento cooperativo. Estamos comprometidos con los ODS y sobre todo trabajamos constantemente en: \u201cLograr la igualdad entre los g\u00e9neros y empoderar a todas las mujeres y las ni\u00f1as\u201d (Objetivo 5).<br \/> Tal como define ONU Mujeres, la violencia contra mujeres y ni\u00f1as constituye una grave [&#8230;]<\/p>\n","protected":false},"author":27,"featured_media":0,"comment_status":"open","ping_status":"open","sticky":false,"template":"","format":"standard","meta":{"_acf_changed":false,"ngg_post_thumbnail":0,"footnotes":""},"categories":[7,6,1],"tags":[],"class_list":["post-3394","post","type-post","status-publish","format-standard","hentry","category-cooperativas","category-institucionales","category-noticias"],"acf":[],"_links":{"self":[{"href":"http:\/\/www.cudecoop.coop\/cudecoop\/wp-json\/wp\/v2\/posts\/3394","targetHints":{"allow":["GET"]}}],"collection":[{"href":"http:\/\/www.cudecoop.coop\/cudecoop\/wp-json\/wp\/v2\/posts"}],"about":[{"href":"http:\/\/www.cudecoop.coop\/cudecoop\/wp-json\/wp\/v2\/types\/post"}],"author":[{"embeddable":true,"href":"http:\/\/www.cudecoop.coop\/cudecoop\/wp-json\/wp\/v2\/users\/27"}],"replies":[{"embeddable":true,"href":"http:\/\/www.cudecoop.coop\/cudecoop\/wp-json\/wp\/v2\/comments?post=3394"}],"version-history":[{"count":1,"href":"http:\/\/www.cudecoop.coop\/cudecoop\/wp-json\/wp\/v2\/posts\/3394\/revisions"}],"predecessor-version":[{"id":3395,"href":"http:\/\/www.cudecoop.coop\/cudecoop\/wp-json\/wp\/v2\/posts\/3394\/revisions\/3395"}],"wp:attachment":[{"href":"http:\/\/www.cudecoop.coop\/cudecoop\/wp-json\/wp\/v2\/media?parent=3394"}],"wp:term":[{"taxonomy":"category","embeddable":true,"href":"http:\/\/www.cudecoop.coop\/cudecoop\/wp-json\/wp\/v2\/categories?post=3394"},{"taxonomy":"post_tag","embeddable":true,"href":"http:\/\/www.cudecoop.coop\/cudecoop\/wp-json\/wp\/v2\/tags?post=3394"}],"curies":[{"name":"wp","href":"https:\/\/api.w.org\/{rel}","templated":true}]}}