{"id":3389,"date":"2020-11-24T20:12:33","date_gmt":"2020-11-24T20:12:33","guid":{"rendered":"http:\/\/www.cudecoop.coop\/cudecoop\/?p=3389"},"modified":"2020-11-24T20:12:33","modified_gmt":"2020-11-24T20:12:33","slug":"igualdad-de-genero-en-las-cooperativas-y-en-la-economia-social","status":"publish","type":"post","link":"http:\/\/www.cudecoop.coop\/cudecoop\/igualdad-de-genero-en-las-cooperativas-y-en-la-economia-social\/","title":{"rendered":"Igualdad de g\u00e9nero en las cooperativas y en la Econom\u00eda Social"},"content":{"rendered":"<p id=\"viewer-foo\" class=\"XzvDs _208Ie ljrnk blog-post-text-font blog-post-text-color _2QAo- _25MYV _1Fao9 ljrnk public-DraftStyleDefault-block-depth0 public-DraftStyleDefault-text-ltr\"><span class=\"vkIF2 public-DraftStyleDefault-ltr\">Este lunes 23 de noviembre se present\u00f3 el video que surge de la convocatoria \u201cExperiencias que construyen la diferencia&#8221; sobre la incorporaci\u00f3n de la perspectiva de la igualdad de g\u00e9nero en las cooperativas y organizaciones de la Econom\u00eda Social de Uruguay. Esta convocatoria fue realizada por INACOOP y CUDECOOP. <\/span><\/p>\n<p id=\"viewer-256qi\" class=\"XzvDs _208Ie ljrnk blog-post-text-font blog-post-text-color _2QAo- _25MYV _1Fao9 ljrnk public-DraftStyleDefault-block-depth0 public-DraftStyleDefault-text-ltr\"><span class=\"vkIF2 public-DraftStyleDefault-ltr\">Participaron, la vicepresidenta de la Rep\u00fablica, Beatriz Argim\u00f3n, la directora del Instituto Nacional de las Mujeres (INMUJERES), M\u00f3nica Bottero, la presidenta de la Confederaci\u00f3n Uruguaya de Entidades Cooperativas (CUDECOOP), Alicia Maneiro y el presidente de INACOOP, Mart\u00edn Fern\u00e1ndez. <\/span><\/p>\n<p id=\"viewer-9tgm6\" class=\"XzvDs _208Ie ljrnk blog-post-text-font blog-post-text-color _2QAo- _25MYV _1Fao9 ljrnk public-DraftStyleDefault-block-depth0 public-DraftStyleDefault-text-ltr\"><span class=\"vkIF2 public-DraftStyleDefault-ltr\">Mart\u00edn Fern\u00e1ndez mencion\u00f3 la importancia de esta iniciativa como forma de visibilizar lo que las cooperativas hacen como buenas pr\u00e1cticas. &#8220;Se hace mucho a nivel de g\u00e9nero en las cooperativas, falta visibilizarlo&#8221;. Adem\u00e1s, remarc\u00f3 que desde los equipos t\u00e9cnicos de INACOOP &#8220;se trabaja permanentemente no solamente para desarrollar la pol\u00edtica de g\u00e9nero, sino para que nosotros la incorporemos, para que sea algo que nos sea cada d\u00eda m\u00e1s natural&#8221;. <\/span><\/p>\n<p id=\"viewer-dv9el\" class=\"XzvDs _208Ie ljrnk blog-post-text-font blog-post-text-color _2QAo- _25MYV _1Fao9 ljrnk public-DraftStyleDefault-block-depth0 public-DraftStyleDefault-text-ltr\"><span class=\"vkIF2 public-DraftStyleDefault-ltr\">Por su parte Alicia Maneiro dijo que &#8220;el tema g\u00e9nero es un tema que est\u00e1 en todas las agendas&#8221;, &#8220;lo que nos preocupa es que no se transforme solamente en un mero discurso, sino que est\u00e9 en la agenda, pero con el peso de acciones tomadas&#8221;. <\/span><\/p>\n<p id=\"viewer-d44mt\" class=\"XzvDs _208Ie ljrnk blog-post-text-font blog-post-text-color _2QAo- _25MYV _1Fao9 ljrnk public-DraftStyleDefault-block-depth0 public-DraftStyleDefault-text-ltr\"><span class=\"vkIF2 public-DraftStyleDefault-ltr\">M\u00f3nica Bottero resalt\u00f3 el v\u00ednculo que INMUJERES tienen con INACOOP en el trabajo conjunto para integrar la perspectiva de g\u00e9nero desde distintas acciones. Dijo que &#8220;estamos aprendiendo del cooperativismo y de muchos otros sectores para poder hablar de igualdad&#8221;. Destac\u00f3 la &#8220;filosof\u00eda del movimiento cooperativo&#8221; valorando &#8220;la relaci\u00f3n horizontal&#8221; y la cooperaci\u00f3n que promueve. Por otro lado, se refiri\u00f3 al &#8220;desaf\u00edo de los cuidados&#8221; como asunto principal para que &#8220;las mujeres participemos en el movimiento cooperativo y en cualquier dimensi\u00f3n de la vida social&#8221;. Asimismo se expres\u00f3 sobre la violencia de g\u00e9nero, la cual seg\u00fan dijo &#8220;es lamentablemente muy democr\u00e1tica, afecta a todos los sectores socioecon\u00f3micos, culturales, de niveles educativos y filosof\u00eda de vida&#8221;. <\/span><\/p>\n<p id=\"viewer-323op\" class=\"XzvDs _208Ie ljrnk blog-post-text-font blog-post-text-color _2QAo- _25MYV _1Fao9 ljrnk public-DraftStyleDefault-block-depth0 public-DraftStyleDefault-text-ltr\"><span class=\"vkIF2 public-DraftStyleDefault-ltr\">Beatriz Argim\u00f3n calific\u00f3 al video presentado como muy importante, ya que por un lado &#8220;destaca la mirada del movimiento cooperativo en todo el pa\u00eds&#8221; a la vez que demuestra que la sociedad debe pasar por un &#8220;proceso de aprendizaje cultural&#8221;. &#8220;Los temas culturales son procesos complejos donde tenemos que aprender a mirarnos hombres y mujeres&#8221;. <\/span><\/p>\n<p id=\"viewer-megg\" class=\"XzvDs _208Ie ljrnk blog-post-text-font blog-post-text-color _2QAo- _25MYV _1Fao9 ljrnk public-DraftStyleDefault-block-depth0 public-DraftStyleDefault-text-ltr\"><span class=\"vkIF2 public-DraftStyleDefault-ltr\">Por otro lado, record\u00f3 que nos encontramos en la semana del 25 de noviembre, &#8220;cuando justamente se conmemora el d\u00eda de la no violencia hacia las mujeres&#8221;. En cuanto a esto coment\u00f3 que como lo muestran las experiencias presentadas, desde el cooperativismo al &#8220;ser espacios horizontales&#8221;, en muchos casos encontraron el lugar para poder hablar y abordar la tem\u00e1tica. <\/span><\/p>\n<p id=\"viewer-dliba\" class=\"XzvDs _208Ie ljrnk blog-post-text-font blog-post-text-color _2QAo- _25MYV _1Fao9 ljrnk public-DraftStyleDefault-block-depth0 public-DraftStyleDefault-text-ltr\"><span class=\"vkIF2 public-DraftStyleDefault-ltr\">Para finalizar valor\u00f3 como positivo el abordaje desde &#8220;la pol\u00edtica p\u00fablica en conjunto con el movimiento cooperativo&#8221;, &#8220;se pueden hacer grandes discursos, ejecutar grandes pol\u00edticas pero si esta no aterriza, como se dice vulgarmente &#8216;no hace carne&#8217; en la sociedad, evidentemente la pol\u00edtica queda vac\u00eda&#8221;.<\/span><\/p>\n<p>&nbsp;<\/p>\n<p><img loading=\"lazy\" decoding=\"async\" class=\"alignnone size-medium wp-image-3391\" src=\"http:\/\/www.cudecoop.coop\/cudecoop\/wp-content\/uploads\/2020\/11\/20201124_170831-300x153.jpg\" alt=\"\" width=\"300\" height=\"153\" srcset=\"http:\/\/www.cudecoop.coop\/cudecoop\/wp-content\/uploads\/2020\/11\/20201124_170831-300x153.jpg 300w, http:\/\/www.cudecoop.coop\/cudecoop\/wp-content\/uploads\/2020\/11\/20201124_170831-768x392.jpg 768w, http:\/\/www.cudecoop.coop\/cudecoop\/wp-content\/uploads\/2020\/11\/20201124_170831-1024x523.jpg 1024w, http:\/\/www.cudecoop.coop\/cudecoop\/wp-content\/uploads\/2020\/11\/20201124_170831-24x12.jpg 24w, http:\/\/www.cudecoop.coop\/cudecoop\/wp-content\/uploads\/2020\/11\/20201124_170831-36x18.jpg 36w, http:\/\/www.cudecoop.coop\/cudecoop\/wp-content\/uploads\/2020\/11\/20201124_170831-48x24.jpg 48w\" sizes=\"auto, (max-width: 300px) 100vw, 300px\" \/><\/p>\n<div id=\"viewer-2s7pv\" class=\"XzvDs _208Ie ljrnk blog-post-text-font blog-post-text-color _2QAo- _25MYV _1Fao9 ljrnk public-DraftStyleDefault-block-depth0 public-DraftStyleDefault-text-ltr\">(FUENTE&nbsp;https:\/\/www.inacoop.org.uy\/single-post\/igualdad-de-g%C3%A9nero-en-las-cooperativas-y-organizaciones-de-la-econom%C3%ADa-social)<\/div>\n<div>&nbsp;<\/div>\n<div>&nbsp;<\/div>\n","protected":false},"excerpt":{"rendered":"<p>Este lunes 23 de noviembre se present\u00f3 el video que surge de la convocatoria \u201cExperiencias que construyen la diferencia&#8221; sobre la incorporaci\u00f3n de la perspectiva de la igualdad de g\u00e9nero en las cooperativas y organizaciones de la Econom\u00eda Social de Uruguay. Esta convocatoria fue realizada por INACOOP y CUDECOOP. Participaron, la vicepresidenta de la Rep\u00fablica, Beatriz Argim\u00f3n, la directora del Instituto Nacional de las Mujeres (INMUJERES), M\u00f3nica Bottero, la presidenta de la Confederaci\u00f3n Uruguaya de Entidades Cooperativas (CUDECOOP), Alicia Maneiro y el presidente de INACOOP, Mart\u00edn Fern\u00e1ndez. Mart\u00edn Fern\u00e1ndez mencion\u00f3 la importancia de esta iniciativa como forma de visibilizar lo [&#8230;]<\/p>\n","protected":false},"author":27,"featured_media":3390,"comment_status":"open","ping_status":"open","sticky":false,"template":"","format":"standard","meta":{"_acf_changed":false,"ngg_post_thumbnail":0,"footnotes":""},"categories":[7,6,1],"tags":[],"class_list":["post-3389","post","type-post","status-publish","format-standard","has-post-thumbnail","hentry","category-cooperativas","category-institucionales","category-noticias"],"acf":[],"_links":{"self":[{"href":"http:\/\/www.cudecoop.coop\/cudecoop\/wp-json\/wp\/v2\/posts\/3389","targetHints":{"allow":["GET"]}}],"collection":[{"href":"http:\/\/www.cudecoop.coop\/cudecoop\/wp-json\/wp\/v2\/posts"}],"about":[{"href":"http:\/\/www.cudecoop.coop\/cudecoop\/wp-json\/wp\/v2\/types\/post"}],"author":[{"embeddable":true,"href":"http:\/\/www.cudecoop.coop\/cudecoop\/wp-json\/wp\/v2\/users\/27"}],"replies":[{"embeddable":true,"href":"http:\/\/www.cudecoop.coop\/cudecoop\/wp-json\/wp\/v2\/comments?post=3389"}],"version-history":[{"count":1,"href":"http:\/\/www.cudecoop.coop\/cudecoop\/wp-json\/wp\/v2\/posts\/3389\/revisions"}],"predecessor-version":[{"id":3392,"href":"http:\/\/www.cudecoop.coop\/cudecoop\/wp-json\/wp\/v2\/posts\/3389\/revisions\/3392"}],"wp:featuredmedia":[{"embeddable":true,"href":"http:\/\/www.cudecoop.coop\/cudecoop\/wp-json\/wp\/v2\/media\/3390"}],"wp:attachment":[{"href":"http:\/\/www.cudecoop.coop\/cudecoop\/wp-json\/wp\/v2\/media?parent=3389"}],"wp:term":[{"taxonomy":"category","embeddable":true,"href":"http:\/\/www.cudecoop.coop\/cudecoop\/wp-json\/wp\/v2\/categories?post=3389"},{"taxonomy":"post_tag","embeddable":true,"href":"http:\/\/www.cudecoop.coop\/cudecoop\/wp-json\/wp\/v2\/tags?post=3389"}],"curies":[{"name":"wp","href":"https:\/\/api.w.org\/{rel}","templated":true}]}}