{"id":3386,"date":"2020-11-24T20:00:53","date_gmt":"2020-11-24T20:00:53","guid":{"rendered":"http:\/\/www.cudecoop.coop\/cudecoop\/?p=3386"},"modified":"2020-12-07T19:38:25","modified_gmt":"2020-12-07T19:38:25","slug":"5to-seminario-nacional-de-derecho-cooperativo","status":"publish","type":"post","link":"http:\/\/www.cudecoop.coop\/cudecoop\/5to-seminario-nacional-de-derecho-cooperativo\/","title":{"rendered":"5to Seminario nacional de derecho cooperativo"},"content":{"rendered":"<p>Lunes 30 de noviembre 17.30 h, encuentro virtual.<\/p>\n<p><strong>PROGRAMA<\/strong><\/p>\n<p>17.30 h &#8211; Sergio Reyes: Informe Uruguay sobre marcos legales presentado en la Alianza Cooperativa Internacional<\/p>\n<p>18.00 h &#8211; Gerardo Montes: actualizaci\u00f3n de temas legislativos trabajados desde CUDECOOP y posibles temas a abordar para el 2021<\/p>\n<p>18.30 h &#8211; Resultados preliminares de la consultor\u00eda de incorporaci\u00f3n de la perspectiva de g\u00e9nero en la Ley 18.407 (INACOOP- ONU MUJERES &#8211; INMUJERES).<\/p>\n<p>19.00 h &#8211; Graciela Fern\u00e1ndez: Marco pol\u00edtico e institucional para el 2021<\/p>\n<p>&nbsp;<\/p>\n<p>ID de reuni\u00f3n: 914 9669 3826<\/p>\n<p>&nbsp;<\/p>\n<p>&nbsp;<\/p>\n","protected":false},"excerpt":{"rendered":"<p>Lunes 30 de noviembre 17.30 h, encuentro virtual. PROGRAMA 17.30 h &#8211; Sergio Reyes: Informe Uruguay sobre marcos legales presentado en la Alianza Cooperativa Internacional 18.00 h &#8211; Gerardo Montes: actualizaci\u00f3n de temas legislativos trabajados desde CUDECOOP y posibles temas a abordar para el 2021 18.30 h &#8211; Resultados preliminares de la consultor\u00eda de incorporaci\u00f3n de la perspectiva de g\u00e9nero en la Ley 18.407 (INACOOP- ONU MUJERES &#8211; INMUJERES). 19.00 h &#8211; Graciela Fern\u00e1ndez: Marco pol\u00edtico e institucional para el 2021 &nbsp; ID de reuni\u00f3n: 914 9669 3826 &nbsp; [&#8230;]<\/p>\n","protected":false},"author":27,"featured_media":3387,"comment_status":"open","ping_status":"open","sticky":false,"template":"","format":"standard","meta":{"_acf_changed":false,"ngg_post_thumbnail":0,"footnotes":""},"categories":[7,6,1],"tags":[],"class_list":["post-3386","post","type-post","status-publish","format-standard","has-post-thumbnail","hentry","category-cooperativas","category-institucionales","category-noticias"],"acf":[],"_links":{"self":[{"href":"http:\/\/www.cudecoop.coop\/cudecoop\/wp-json\/wp\/v2\/posts\/3386","targetHints":{"allow":["GET"]}}],"collection":[{"href":"http:\/\/www.cudecoop.coop\/cudecoop\/wp-json\/wp\/v2\/posts"}],"about":[{"href":"http:\/\/www.cudecoop.coop\/cudecoop\/wp-json\/wp\/v2\/types\/post"}],"author":[{"embeddable":true,"href":"http:\/\/www.cudecoop.coop\/cudecoop\/wp-json\/wp\/v2\/users\/27"}],"replies":[{"embeddable":true,"href":"http:\/\/www.cudecoop.coop\/cudecoop\/wp-json\/wp\/v2\/comments?post=3386"}],"version-history":[{"count":1,"href":"http:\/\/www.cudecoop.coop\/cudecoop\/wp-json\/wp\/v2\/posts\/3386\/revisions"}],"predecessor-version":[{"id":3388,"href":"http:\/\/www.cudecoop.coop\/cudecoop\/wp-json\/wp\/v2\/posts\/3386\/revisions\/3388"}],"wp:featuredmedia":[{"embeddable":true,"href":"http:\/\/www.cudecoop.coop\/cudecoop\/wp-json\/wp\/v2\/media\/3387"}],"wp:attachment":[{"href":"http:\/\/www.cudecoop.coop\/cudecoop\/wp-json\/wp\/v2\/media?parent=3386"}],"wp:term":[{"taxonomy":"category","embeddable":true,"href":"http:\/\/www.cudecoop.coop\/cudecoop\/wp-json\/wp\/v2\/categories?post=3386"},{"taxonomy":"post_tag","embeddable":true,"href":"http:\/\/www.cudecoop.coop\/cudecoop\/wp-json\/wp\/v2\/tags?post=3386"}],"curies":[{"name":"wp","href":"https:\/\/api.w.org\/{rel}","templated":true}]}}