{"id":3382,"date":"2020-11-17T23:03:21","date_gmt":"2020-11-17T23:03:21","guid":{"rendered":"http:\/\/www.cudecoop.coop\/cudecoop\/?p=3382"},"modified":"2020-11-17T23:05:45","modified_gmt":"2020-11-17T23:05:45","slug":"el-sistema-cooperativo-es-valioso-y-necesario-buscamos-que-se-fortalezca","status":"publish","type":"post","link":"http:\/\/www.cudecoop.coop\/cudecoop\/el-sistema-cooperativo-es-valioso-y-necesario-buscamos-que-se-fortalezca\/","title":{"rendered":"&#8220;El\u00a0sistema cooperativo es valioso y necesario, buscamos que se fortalezca&#8221;"},"content":{"rendered":"<p><!--more-->El martes 17 de noviembre la presidenta de CUDECOOP Alicia Maneiro, junto a la secretaria, Marisol Fuentes, se reunieron con el ministro de Trabajo, Pablo Mieres. Particip\u00f3 tambi\u00e9n del encuentro Mart\u00edn Fern\u00e1ndez, presidente de INACOOP.&nbsp;<\/p>\n<p>Las compa\u00f1eras del Ejecutivo presentaron al Ministro el estado de situaci\u00f3n del sector cooperativo actual, teniendo en cuenta la situaci\u00f3n de pandemia y las respuestas que las organizaciones cooperativas dieron a la misma. Adem\u00e1s destacaron el buen di\u00e1logo que actualmente Cudecoop est\u00e1 teniendo dentro de los institutos Inacoop e Inefop.&nbsp;<\/p>\n<p>En el di\u00e1logo, el Ministro destac\u00f3 su inter\u00e9s en que el&nbsp;cooperativismo fortalezca su espacio de desarrollo, como lo es el Instituto Nacional del Cooperativismo, &#8220;el&nbsp;sistema cooperativo es valioso y necesario, por lo que el Ministerio (MTSS) est\u00e1 dispuesto a seguir empujando por un Instituto fuerte&#8221;, destac\u00f3 Mieres, lo que esto se termina traduciendo en la continuaci\u00f3n de los planes de fortalecimiento gremial.&nbsp;<\/p>\n<p>Como resumen, Maneiro destac\u00f3&nbsp; que se trat\u00f3 de una reuni\u00f3n positiva de evaluaci\u00f3n y cierre de a\u00f1o, con proyecci\u00f3n para el 2021. A partir de comentar sobre las inquietudes que se generaron sobre los informes de auditor\u00eda presentados por el Ministerio de Econom\u00eda y Finanzas (MEF) que vio afectada la imagen de la fiscalizaci\u00f3n del Instituto, el Ministro declar\u00f3 que no tiene pensado tocar los organismos como est\u00e1n funcionando actualmente.&nbsp;<\/p>\n<p>Todav\u00eda queda por avanzar<\/p>\n<p>El cooperativismo no fue incluido en el &#8220;Di\u00e1logo Nacional por el Empleo&#8221;, que llev\u00f3 adelante el MTTS, hab\u00edan muchas instituciones convocadas, pero el cooperativismo qued\u00f3 por fuera. Ante esto Cudecoop solicit\u00f3 que el movimiento cooperativo sea convocado ya que es pertinente la mirada asociativa \/ cooperativa en un di\u00e1logo nacional con tales caracter\u00edsticas, Cudecoop pudiendo representar a la econom\u00eda social.&nbsp;&nbsp;<\/p>\n<p>Adem\u00e1s en la reuni\u00f3n, tambi\u00e9n solicitaron al Ministro que el cooperativismo debe sea parte del Consejo Superior Tripartito, ya que deber\u00eda ser Cudecoop quien firmen acuerdos que tengan que ver con entidades de la econom\u00eda social, lo que actualmente realiza la C\u00e1mara de comercio. Actualmente, cuando las federaciones logran el convenio salarial con sus funcionarios, la autoridad que avala es la C\u00e1mara Nacional de Comercio, y el cooperativismo no se est\u00e1 sintiendo representado en dicha situaci\u00f3n, &#8220;debemos firmar los convenios salariales que tienen que ver con el cooperativismo&#8221;, concluy\u00f3 la Presidenta de CUDECOOP.&nbsp;<\/p>\n<p>&nbsp;<\/p>\n","protected":false},"excerpt":{"rendered":"","protected":false},"author":27,"featured_media":3384,"comment_status":"open","ping_status":"open","sticky":false,"template":"","format":"standard","meta":{"_acf_changed":false,"ngg_post_thumbnail":0,"footnotes":""},"categories":[7,6,1],"tags":[],"class_list":["post-3382","post","type-post","status-publish","format-standard","has-post-thumbnail","hentry","category-cooperativas","category-institucionales","category-noticias"],"acf":[],"_links":{"self":[{"href":"http:\/\/www.cudecoop.coop\/cudecoop\/wp-json\/wp\/v2\/posts\/3382","targetHints":{"allow":["GET"]}}],"collection":[{"href":"http:\/\/www.cudecoop.coop\/cudecoop\/wp-json\/wp\/v2\/posts"}],"about":[{"href":"http:\/\/www.cudecoop.coop\/cudecoop\/wp-json\/wp\/v2\/types\/post"}],"author":[{"embeddable":true,"href":"http:\/\/www.cudecoop.coop\/cudecoop\/wp-json\/wp\/v2\/users\/27"}],"replies":[{"embeddable":true,"href":"http:\/\/www.cudecoop.coop\/cudecoop\/wp-json\/wp\/v2\/comments?post=3382"}],"version-history":[{"count":2,"href":"http:\/\/www.cudecoop.coop\/cudecoop\/wp-json\/wp\/v2\/posts\/3382\/revisions"}],"predecessor-version":[{"id":3385,"href":"http:\/\/www.cudecoop.coop\/cudecoop\/wp-json\/wp\/v2\/posts\/3382\/revisions\/3385"}],"wp:featuredmedia":[{"embeddable":true,"href":"http:\/\/www.cudecoop.coop\/cudecoop\/wp-json\/wp\/v2\/media\/3384"}],"wp:attachment":[{"href":"http:\/\/www.cudecoop.coop\/cudecoop\/wp-json\/wp\/v2\/media?parent=3382"}],"wp:term":[{"taxonomy":"category","embeddable":true,"href":"http:\/\/www.cudecoop.coop\/cudecoop\/wp-json\/wp\/v2\/categories?post=3382"},{"taxonomy":"post_tag","embeddable":true,"href":"http:\/\/www.cudecoop.coop\/cudecoop\/wp-json\/wp\/v2\/tags?post=3382"}],"curies":[{"name":"wp","href":"https:\/\/api.w.org\/{rel}","templated":true}]}}