{"id":3378,"date":"2020-11-10T15:43:55","date_gmt":"2020-11-10T15:43:55","guid":{"rendered":"http:\/\/www.cudecoop.coop\/cudecoop\/?p=3378"},"modified":"2020-12-07T19:38:37","modified_gmt":"2020-12-07T19:38:37","slug":"4to-encuentro-nacional-de-genero-en-el-cooperativismo","status":"publish","type":"post","link":"http:\/\/www.cudecoop.coop\/cudecoop\/4to-encuentro-nacional-de-genero-en-el-cooperativismo\/","title":{"rendered":"4to Encuentro Nacional de G\u00e9nero en el Cooperativismo"},"content":{"rendered":"<p>Tenemos el agrado de invitarles al 4to Encuentro Nacional de G\u00e9nero en el cooperativismo&nbsp;que se realizar\u00e1 en Florida, Capital nacional de cooperativismo 2020, en el marco de cierre&nbsp;del Proyecto Cooperaci\u00f3n con Equidad.<\/p>\n<p>Podr\u00e1n unirse a la actividad a trav\u00e9s de la plataforma Zoom. Participar\u00e1n referentes de&nbsp;las mesas territoriales y se trabajar\u00e1 sobre los desaf\u00edos del sector.<\/p>\n<p>La actividad comienza a las 9h y se extender\u00e1 hasta las 13h.&nbsp;<\/p>\n<p>Enlace de acceso: https:\/\/zoom.us\/j\/95535109502?pwd=YWtQSDNkcXYvR1NQQVExY201NmJ0Zz09<\/p>\n<p>ID de reuni\u00f3n: 955 3510 9502<\/p>\n","protected":false},"excerpt":{"rendered":"<p>Tenemos el agrado de invitarles al 4to Encuentro Nacional de G\u00e9nero en el cooperativismo&nbsp;que se realizar\u00e1 en Florida, Capital nacional de cooperativismo 2020, en el marco de cierre&nbsp;del Proyecto Cooperaci\u00f3n con Equidad. Podr\u00e1n unirse a la actividad a trav\u00e9s de la plataforma Zoom. Participar\u00e1n referentes de&nbsp;las mesas territoriales y se trabajar\u00e1 sobre los desaf\u00edos del sector. La actividad comienza a las 9h y se extender\u00e1 hasta las 13h.&nbsp; Enlace de acceso: https:\/\/zoom.us\/j\/95535109502?pwd=YWtQSDNkcXYvR1NQQVExY201NmJ0Zz09 ID de reuni\u00f3n: 955 3510 [&#8230;]<\/p>\n","protected":false},"author":27,"featured_media":3380,"comment_status":"open","ping_status":"open","sticky":false,"template":"","format":"standard","meta":{"_acf_changed":false,"ngg_post_thumbnail":0,"footnotes":""},"categories":[7,6,1],"tags":[],"class_list":["post-3378","post","type-post","status-publish","format-standard","has-post-thumbnail","hentry","category-cooperativas","category-institucionales","category-noticias"],"acf":[],"_links":{"self":[{"href":"http:\/\/www.cudecoop.coop\/cudecoop\/wp-json\/wp\/v2\/posts\/3378","targetHints":{"allow":["GET"]}}],"collection":[{"href":"http:\/\/www.cudecoop.coop\/cudecoop\/wp-json\/wp\/v2\/posts"}],"about":[{"href":"http:\/\/www.cudecoop.coop\/cudecoop\/wp-json\/wp\/v2\/types\/post"}],"author":[{"embeddable":true,"href":"http:\/\/www.cudecoop.coop\/cudecoop\/wp-json\/wp\/v2\/users\/27"}],"replies":[{"embeddable":true,"href":"http:\/\/www.cudecoop.coop\/cudecoop\/wp-json\/wp\/v2\/comments?post=3378"}],"version-history":[{"count":1,"href":"http:\/\/www.cudecoop.coop\/cudecoop\/wp-json\/wp\/v2\/posts\/3378\/revisions"}],"predecessor-version":[{"id":3379,"href":"http:\/\/www.cudecoop.coop\/cudecoop\/wp-json\/wp\/v2\/posts\/3378\/revisions\/3379"}],"wp:featuredmedia":[{"embeddable":true,"href":"http:\/\/www.cudecoop.coop\/cudecoop\/wp-json\/wp\/v2\/media\/3380"}],"wp:attachment":[{"href":"http:\/\/www.cudecoop.coop\/cudecoop\/wp-json\/wp\/v2\/media?parent=3378"}],"wp:term":[{"taxonomy":"category","embeddable":true,"href":"http:\/\/www.cudecoop.coop\/cudecoop\/wp-json\/wp\/v2\/categories?post=3378"},{"taxonomy":"post_tag","embeddable":true,"href":"http:\/\/www.cudecoop.coop\/cudecoop\/wp-json\/wp\/v2\/tags?post=3378"}],"curies":[{"name":"wp","href":"https:\/\/api.w.org\/{rel}","templated":true}]}}