{"id":3368,"date":"2020-10-27T19:30:37","date_gmt":"2020-10-27T19:30:37","guid":{"rendered":"http:\/\/www.cudecoop.coop\/cudecoop\/?p=3368"},"modified":"2020-10-27T19:32:02","modified_gmt":"2020-10-27T19:32:02","slug":"de-esta-crisis-salimos-cooperando-y-no-compitiendo","status":"publish","type":"post","link":"http:\/\/www.cudecoop.coop\/cudecoop\/de-esta-crisis-salimos-cooperando-y-no-compitiendo\/","title":{"rendered":"&#8220;De esta crisis salimos cooperando y no compitiendo&#8221;"},"content":{"rendered":"<p><strong><em>\u201cDe esta crisis salimos COOPERANDO y no compitiendo\u201d<\/em><\/strong><\/p>\n<p><strong><em>Dr. Ariel GUARCO. Presidente de la Alianza Cooperativa Internacional<\/em><\/strong><\/p>\n<p>Siguiendo esta premisa, la Confederaci\u00f3n Uruguaya de Entidades Cooperativas (CUDECOOP) a trav\u00e9s de su Escuela Nacional de Cooperativismo, propici\u00f3 reunir en torno a una misma mesa de di\u00e1logo al representante de la C\u00e1mara de comercio y servicios del Uruguay (Dr. Eduardo Ameglio) al Dr. Gonzalo Illarramendi (Coordinador de Negociaci\u00f3n colectiva y Consejos de Salarios del Ministerio de Trabajo y Seguridad Social) y Fernando Pereira (Presidente del PIT-CNT).<\/p>\n<p>Compartimos aqu\u00ed la grabaci\u00f3n de la actividad:&nbsp;<\/p>\n<p><iframe loading=\"lazy\" title=\"EL FUTURO DEL TRABAJO, DESAF\u00cdOS PARA EL MOVIMIENTO COOPERATIVO Y LOS NUEVOS PROCESOS EN LAS RR LL\" width=\"525\" height=\"295\" src=\"https:\/\/www.youtube.com\/embed\/PHNn-zjSFkQ?feature=oembed\" frameborder=\"0\" allow=\"accelerometer; autoplay; clipboard-write; encrypted-media; gyroscope; picture-in-picture; web-share\" referrerpolicy=\"strict-origin-when-cross-origin\" allowfullscreen><\/iframe><\/p>\n<p>&nbsp;<\/p>\n<p>En la oportunidad, qued\u00f3 demostrado que, a pesar de las diferencias de enfoques y visiones, es posible \u2013 pero sobre todo muy necesario \u2013 apostar permanentemente al di\u00e1logo y la negociaci\u00f3n, estrategias a las que el movimiento cooperativo recurre desde siempre, lo que fue destacado por los expositores.<\/p>\n<p>Los expositores fueron muy categ\u00f3ricos al defender esta actitud, en momento en que la coyuntura hace imprescindible construir y unir, sobre la base del respeto mutuo; el mismo que rein\u00f3 en el encuentro.<\/p>\n<p>Cudecoop, se congratula de haber alcanzado los objetivos planteados e invita a todos (sin exclusiones) a participar activamente en la construcci\u00f3n de un futuro mejor para tod@s.<\/p>\n<p>Prosiguiendo con este ciclo, el pr\u00f3ximo jueves 29, a la hora 18 (por zoom) se realizar\u00e1 una nueva charla, esta vez sobre el tema: <strong><em>\u201cLas transformaciones en el mundo del trabajo y su impacto en las relaciones laborales en Uruguay\u201d.<\/em><\/strong><\/p>\n<p>Contaremos con la participaci\u00f3n especial de Rodrigo Filgueira (Oficial Nacional de Tecnolog\u00edas Aplicadas a la Formaci\u00f3n (OIT -CINTERFOR) y comentarios del Dr. Nelson LOUSTAUNAU (ex Sub-Secretario del Ministerio de Trabajo y Seguridad Social)<\/p>\n","protected":false},"excerpt":{"rendered":"<p>\u201cDe esta crisis salimos COOPERANDO y no compitiendo\u201d Dr. Ariel GUARCO. Presidente de la Alianza Cooperativa Internacional Siguiendo esta premisa, la Confederaci\u00f3n Uruguaya de Entidades Cooperativas (CUDECOOP) a trav\u00e9s de su Escuela Nacional de Cooperativismo, propici\u00f3 reunir en torno a una misma mesa de di\u00e1logo al representante de la C\u00e1mara de comercio y servicios del Uruguay (Dr. Eduardo Ameglio) al Dr. Gonzalo Illarramendi (Coordinador de Negociaci\u00f3n colectiva y Consejos de Salarios del Ministerio de Trabajo y Seguridad Social) y Fernando Pereira (Presidente del PIT-CNT). Compartimos aqu\u00ed la grabaci\u00f3n de la actividad:&nbsp; &nbsp; En la oportunidad, qued\u00f3 demostrado que, a pesar [&#8230;]<\/p>\n","protected":false},"author":27,"featured_media":3369,"comment_status":"open","ping_status":"open","sticky":false,"template":"","format":"standard","meta":{"_acf_changed":false,"ngg_post_thumbnail":0,"footnotes":""},"categories":[7,6,1],"tags":[],"class_list":["post-3368","post","type-post","status-publish","format-standard","has-post-thumbnail","hentry","category-cooperativas","category-institucionales","category-noticias"],"acf":[],"_links":{"self":[{"href":"http:\/\/www.cudecoop.coop\/cudecoop\/wp-json\/wp\/v2\/posts\/3368","targetHints":{"allow":["GET"]}}],"collection":[{"href":"http:\/\/www.cudecoop.coop\/cudecoop\/wp-json\/wp\/v2\/posts"}],"about":[{"href":"http:\/\/www.cudecoop.coop\/cudecoop\/wp-json\/wp\/v2\/types\/post"}],"author":[{"embeddable":true,"href":"http:\/\/www.cudecoop.coop\/cudecoop\/wp-json\/wp\/v2\/users\/27"}],"replies":[{"embeddable":true,"href":"http:\/\/www.cudecoop.coop\/cudecoop\/wp-json\/wp\/v2\/comments?post=3368"}],"version-history":[{"count":3,"href":"http:\/\/www.cudecoop.coop\/cudecoop\/wp-json\/wp\/v2\/posts\/3368\/revisions"}],"predecessor-version":[{"id":3372,"href":"http:\/\/www.cudecoop.coop\/cudecoop\/wp-json\/wp\/v2\/posts\/3368\/revisions\/3372"}],"wp:featuredmedia":[{"embeddable":true,"href":"http:\/\/www.cudecoop.coop\/cudecoop\/wp-json\/wp\/v2\/media\/3369"}],"wp:attachment":[{"href":"http:\/\/www.cudecoop.coop\/cudecoop\/wp-json\/wp\/v2\/media?parent=3368"}],"wp:term":[{"taxonomy":"category","embeddable":true,"href":"http:\/\/www.cudecoop.coop\/cudecoop\/wp-json\/wp\/v2\/categories?post=3368"},{"taxonomy":"post_tag","embeddable":true,"href":"http:\/\/www.cudecoop.coop\/cudecoop\/wp-json\/wp\/v2\/tags?post=3368"}],"curies":[{"name":"wp","href":"https:\/\/api.w.org\/{rel}","templated":true}]}}