{"id":3357,"date":"2020-10-27T14:25:30","date_gmt":"2020-10-27T14:25:30","guid":{"rendered":"http:\/\/www.cudecoop.coop\/cudecoop\/?p=3357"},"modified":"2020-11-03T18:38:01","modified_gmt":"2020-11-03T18:38:01","slug":"las-transformaciones-en-el-mundo-del-trabajo-y-su-impacto-en-las-relaciones-laborales-en-uruguay","status":"publish","type":"post","link":"http:\/\/www.cudecoop.coop\/cudecoop\/las-transformaciones-en-el-mundo-del-trabajo-y-su-impacto-en-las-relaciones-laborales-en-uruguay\/","title":{"rendered":"LAS TRANSFORMACIONES EN EL MUNDO DEL TRABAJO Y SU IMPACTO EN LAS RELACIONES LABORALES EN URUGUAY"},"content":{"rendered":"<div><span style=\"color: #000000;\">En el marco del ciclo denominado &#8220;Los procesos de negociaci\u00f3n colectiva para el desarrollo sostenible del cooperativismo&#8221; Cudecoop organiz\u00f3 -a trav\u00e9s de la Escuela Nacional de Cooperativismo- esta actividad de reflexi\u00f3n sobre las transformaciones en el mundo del trabajo y su impacto en las relaciones laborales en Uruguay, a cargo de&nbsp;<strong>Rodrigo Filgueira<\/strong> &#8211;&nbsp;Oficial Nacional de Tecnolog\u00edas Aplicadas a la Formaci\u00f3n&nbsp;(OIT &#8211; CINTERFOR)&nbsp; y comentarios del<strong>&nbsp;Dr. Nelson LOUSTAUNAU&nbsp;<\/strong>(ex Sub-Secretario&nbsp;del Ministerio de Trabajo y Seguridad Social).<\/span><\/div>\n<div>&nbsp;<\/div>\n<div><span style=\"color: #000000;\">Partiendo de una muy interesante exposici\u00f3n del Ing. Filgueira, el representante de OIT\/CINTERFOR incursion\u00f3 por varios aspectos de esta nueva realidad.&nbsp;Entre ellos se detuvo en analizar lo que ocurre cuando los cambios tecnol\u00f3gicos no van acompa\u00f1ados de cambios de procesos, lo cual trae como consecuencia un impacto muy marginal en la productividad. Ello determina que hay que analizar un conjunto de factores y no apostar \u00fanicamente a la tecnolog\u00eda.<\/span><\/div>\n<div>&nbsp;<\/div>\n<div><span style=\"color: #000000;\">Por su parte el Dr. Laustaunau, al tiempo de comentar estos efectos en las cooperativas (principalmente en las de consumo y ahorro y cr\u00e9dito), se detuvo analizando las repercusiones que aparejar\u00e1 en materia de legislaci\u00f3n laboral (en particular en referencia al teletrabajo)<\/span><\/div>\n<p>&nbsp;<\/p>\n<p>Les dejamos ac\u00e1 el video para que puedan ver la actividad:<\/p>\n<p><iframe loading=\"lazy\" title=\"Las transformaciones en el mundo del trabajo y su impacto en las RRLL en Uruguay\" width=\"525\" height=\"295\" src=\"https:\/\/www.youtube.com\/embed\/cuT75tySHRY?feature=oembed\" frameborder=\"0\" allow=\"accelerometer; autoplay; clipboard-write; encrypted-media; gyroscope; picture-in-picture; web-share\" referrerpolicy=\"strict-origin-when-cross-origin\" allowfullscreen><\/iframe><\/p>\n","protected":false},"excerpt":{"rendered":"<p>En el marco del ciclo denominado &#8220;Los procesos de negociaci\u00f3n colectiva para el desarrollo sostenible del cooperativismo&#8221; Cudecoop organiz\u00f3 -a trav\u00e9s de la Escuela Nacional de Cooperativismo- esta actividad de reflexi\u00f3n sobre las transformaciones en el mundo del trabajo y su impacto en las relaciones laborales en Uruguay, a cargo de&nbsp;Rodrigo Filgueira &#8211;&nbsp;Oficial Nacional de Tecnolog\u00edas Aplicadas a la Formaci\u00f3n&nbsp;(OIT &#8211; CINTERFOR)&nbsp; y comentarios del&nbsp;Dr. Nelson LOUSTAUNAU&nbsp;(ex Sub-Secretario&nbsp;del Ministerio de Trabajo y Seguridad Social). &nbsp; Partiendo de una muy interesante exposici\u00f3n del Ing. Filgueira, el representante de OIT\/CINTERFOR incursion\u00f3 por varios aspectos de esta nueva realidad.&nbsp;Entre ellos se detuvo en [&#8230;]<\/p>\n","protected":false},"author":27,"featured_media":3376,"comment_status":"open","ping_status":"open","sticky":false,"template":"","format":"standard","meta":{"_acf_changed":false,"ngg_post_thumbnail":0,"footnotes":""},"categories":[7,6,1],"tags":[],"class_list":["post-3357","post","type-post","status-publish","format-standard","has-post-thumbnail","hentry","category-cooperativas","category-institucionales","category-noticias"],"acf":[],"_links":{"self":[{"href":"http:\/\/www.cudecoop.coop\/cudecoop\/wp-json\/wp\/v2\/posts\/3357","targetHints":{"allow":["GET"]}}],"collection":[{"href":"http:\/\/www.cudecoop.coop\/cudecoop\/wp-json\/wp\/v2\/posts"}],"about":[{"href":"http:\/\/www.cudecoop.coop\/cudecoop\/wp-json\/wp\/v2\/types\/post"}],"author":[{"embeddable":true,"href":"http:\/\/www.cudecoop.coop\/cudecoop\/wp-json\/wp\/v2\/users\/27"}],"replies":[{"embeddable":true,"href":"http:\/\/www.cudecoop.coop\/cudecoop\/wp-json\/wp\/v2\/comments?post=3357"}],"version-history":[{"count":3,"href":"http:\/\/www.cudecoop.coop\/cudecoop\/wp-json\/wp\/v2\/posts\/3357\/revisions"}],"predecessor-version":[{"id":3377,"href":"http:\/\/www.cudecoop.coop\/cudecoop\/wp-json\/wp\/v2\/posts\/3357\/revisions\/3377"}],"wp:featuredmedia":[{"embeddable":true,"href":"http:\/\/www.cudecoop.coop\/cudecoop\/wp-json\/wp\/v2\/media\/3376"}],"wp:attachment":[{"href":"http:\/\/www.cudecoop.coop\/cudecoop\/wp-json\/wp\/v2\/media?parent=3357"}],"wp:term":[{"taxonomy":"category","embeddable":true,"href":"http:\/\/www.cudecoop.coop\/cudecoop\/wp-json\/wp\/v2\/categories?post=3357"},{"taxonomy":"post_tag","embeddable":true,"href":"http:\/\/www.cudecoop.coop\/cudecoop\/wp-json\/wp\/v2\/tags?post=3357"}],"curies":[{"name":"wp","href":"https:\/\/api.w.org\/{rel}","templated":true}]}}