{"id":3338,"date":"2020-10-13T21:34:10","date_gmt":"2020-10-13T21:34:10","guid":{"rendered":"http:\/\/www.cudecoop.coop\/cudecoop\/?p=3338"},"modified":"2020-10-14T16:18:55","modified_gmt":"2020-10-14T16:18:55","slug":"los-cambios-en-la-relaciones-laborales-compromisos-desafios-y-responsabilidades-de-las-cooperativas","status":"publish","type":"post","link":"http:\/\/www.cudecoop.coop\/cudecoop\/los-cambios-en-la-relaciones-laborales-compromisos-desafios-y-responsabilidades-de-las-cooperativas\/","title":{"rendered":"Los cambios en la relaciones laborales, compromisos, desaf\u00edos y responsabilidades de las cooperativas"},"content":{"rendered":"<div>La Escuela Nacional de Cooperativismo invita a participar de la charla&nbsp;Los cambios en la relaciones laborales, compromisos, desaf\u00edos y responsabilidades de las cooperativas, a cargo de&nbsp;&nbsp;Jorge Rold\u00e1n (INEFOP) el pr\u00f3ximo jueves 15 de octubre a las 18h pro zoom. Esta actividad se realiza en coordinaci\u00f3n con la Comisi\u00f3n de g\u00e9nero de CUDECOOP.&nbsp;<\/div>\n<div>&nbsp;<\/div>\n<div>\n<p>Enlace de acceso a la reuni\u00f3n:&nbsp;https:\/\/us02web.zoom.us\/j\/83924278058<\/p>\n<p style=\"font-weight: 400;\">Curriculum Vitae abreviado de Jorge Rond\u00e1n:<\/p>\n<p style=\"font-weight: 400;\">Licenciado en Psicolog\u00eda, Diplomando en Pol\u00edticas P\u00fablicas e Igualdad de G\u00e9nero, Asesor de G\u00e9nero de INEFOP 2014- 2020, Referente de los programas de capacitaci\u00f3n en Acoso Sexual Laboral,<\/p>\n<p style=\"font-weight: 400;\">Consultor en G\u00e9nero en Entidades de Capacitaci\u00f3n, Consultor para UNA-ONU 2008-2010.-<\/p>\n<\/div>\n<div>&nbsp;<\/div>\n<div>&nbsp;<\/div>\n<div>&nbsp;<\/div>\n","protected":false},"excerpt":{"rendered":"<p>La Escuela Nacional de Cooperativismo invita a participar de la charla&nbsp;Los cambios en la relaciones laborales, compromisos, desaf\u00edos y responsabilidades de las cooperativas, a cargo de&nbsp;&nbsp;Jorge Rold\u00e1n (INEFOP) el pr\u00f3ximo jueves 15 de octubre a las 18h pro zoom. Esta actividad se realiza en coordinaci\u00f3n con la Comisi\u00f3n de g\u00e9nero de CUDECOOP.&nbsp; &nbsp; Enlace de acceso a la reuni\u00f3n:&nbsp;https:\/\/us02web.zoom.us\/j\/83924278058 Curriculum Vitae abreviado de Jorge Rond\u00e1n: Licenciado en Psicolog\u00eda, Diplomando en Pol\u00edticas P\u00fablicas e Igualdad de G\u00e9nero, Asesor de G\u00e9nero de INEFOP 2014- 2020, Referente de los programas de capacitaci\u00f3n en Acoso Sexual Laboral, Consultor en G\u00e9nero en Entidades de Capacitaci\u00f3n, [&#8230;]<\/p>\n","protected":false},"author":27,"featured_media":3342,"comment_status":"open","ping_status":"open","sticky":false,"template":"","format":"standard","meta":{"_acf_changed":false,"ngg_post_thumbnail":0,"footnotes":""},"categories":[7,6,1],"tags":[],"class_list":["post-3338","post","type-post","status-publish","format-standard","has-post-thumbnail","hentry","category-cooperativas","category-institucionales","category-noticias"],"acf":[],"_links":{"self":[{"href":"http:\/\/www.cudecoop.coop\/cudecoop\/wp-json\/wp\/v2\/posts\/3338","targetHints":{"allow":["GET"]}}],"collection":[{"href":"http:\/\/www.cudecoop.coop\/cudecoop\/wp-json\/wp\/v2\/posts"}],"about":[{"href":"http:\/\/www.cudecoop.coop\/cudecoop\/wp-json\/wp\/v2\/types\/post"}],"author":[{"embeddable":true,"href":"http:\/\/www.cudecoop.coop\/cudecoop\/wp-json\/wp\/v2\/users\/27"}],"replies":[{"embeddable":true,"href":"http:\/\/www.cudecoop.coop\/cudecoop\/wp-json\/wp\/v2\/comments?post=3338"}],"version-history":[{"count":3,"href":"http:\/\/www.cudecoop.coop\/cudecoop\/wp-json\/wp\/v2\/posts\/3338\/revisions"}],"predecessor-version":[{"id":3344,"href":"http:\/\/www.cudecoop.coop\/cudecoop\/wp-json\/wp\/v2\/posts\/3338\/revisions\/3344"}],"wp:featuredmedia":[{"embeddable":true,"href":"http:\/\/www.cudecoop.coop\/cudecoop\/wp-json\/wp\/v2\/media\/3342"}],"wp:attachment":[{"href":"http:\/\/www.cudecoop.coop\/cudecoop\/wp-json\/wp\/v2\/media?parent=3338"}],"wp:term":[{"taxonomy":"category","embeddable":true,"href":"http:\/\/www.cudecoop.coop\/cudecoop\/wp-json\/wp\/v2\/categories?post=3338"},{"taxonomy":"post_tag","embeddable":true,"href":"http:\/\/www.cudecoop.coop\/cudecoop\/wp-json\/wp\/v2\/tags?post=3338"}],"curies":[{"name":"wp","href":"https:\/\/api.w.org\/{rel}","templated":true}]}}