{"id":3334,"date":"2020-10-14T18:56:25","date_gmt":"2020-10-14T18:56:25","guid":{"rendered":"http:\/\/www.cudecoop.coop\/cudecoop\/?p=3334"},"modified":"2020-10-19T16:27:34","modified_gmt":"2020-10-19T16:27:34","slug":"encuentro-intercooperativo-en-el-marco-de-florida-capital-de-cooperativismo","status":"publish","type":"post","link":"http:\/\/www.cudecoop.coop\/cudecoop\/encuentro-intercooperativo-en-el-marco-de-florida-capital-de-cooperativismo\/","title":{"rendered":"Encuentro intercooperativo en el marco de Florida capital de cooperativismo"},"content":{"rendered":"<p style=\"font-weight: 400;\">En el marco de las actividades de \u201cFlorida Capital del Cooperativismo 2020\u201d, CUDECOOP junto al INACOOP y la Mesa intercooperativa de Florida organizaron el Encuentro Intercooperativo denominado \u201cDesaf\u00edos actuales del sector cooperativo uruguayo\u201d.<\/p>\n<p style=\"font-weight: 400;\">El evento se llev\u00f3 a cabo el s\u00e1bado 17 de octubre de 9 a 13 horas en Paso Severino. Teniendo en cuenta las restricciones para la participaci\u00f3n presencial, se trabaj\u00f3 en forma semipresencial, contando con algunas personas representantes de las mesas intercooperativas en el lugar, y con dem\u00e1s cooperativistas por plataforma virtual.<\/p>\n<p style=\"font-weight: 400;\">En el encuentro se present\u00f3 los \u201cDESAF\u00cdOS ACTUALES DEL SECTOR COOPERATIVO URUGUAYO ANTE LA CRISIS \u201c a cargo de Romero, Gonz\u00e1lez y Torrelli.<\/p>\n<p style=\"font-weight: 400;\">&nbsp;<\/p>\n<p>Compartimos la bienvenida a cargo de las autoridades y la presentaci\u00f3n anteriormente mencionada:&nbsp;<\/p>\n<p><iframe loading=\"lazy\" title=\"Encuentro intercooperativo en Florida Capital del cooperativismo 2020\" width=\"525\" height=\"295\" src=\"https:\/\/www.youtube.com\/embed\/Wu9fndz-Un4?feature=oembed\" frameborder=\"0\" allow=\"accelerometer; autoplay; clipboard-write; encrypted-media; gyroscope; picture-in-picture; web-share\" referrerpolicy=\"strict-origin-when-cross-origin\" allowfullscreen><\/iframe><\/p>\n<p>Y aqu\u00ed dejamos aqu\u00ed el cierre de la actividad:&nbsp;<\/p>\n<p><iframe loading=\"lazy\" title=\"Cierre y conclusiones del Encuentro intercooperativo en Florida 2020\" width=\"525\" height=\"295\" src=\"https:\/\/www.youtube.com\/embed\/l-8D29sAlYY?feature=oembed\" frameborder=\"0\" allow=\"accelerometer; autoplay; clipboard-write; encrypted-media; gyroscope; picture-in-picture; web-share\" referrerpolicy=\"strict-origin-when-cross-origin\" allowfullscreen><\/iframe><\/p>\n<p>&nbsp;<\/p>\n<p>&nbsp;<\/p>\n","protected":false},"excerpt":{"rendered":"<p>En el marco de las actividades de \u201cFlorida Capital del Cooperativismo 2020\u201d, CUDECOOP junto al INACOOP y la Mesa intercooperativa de Florida organizaron el Encuentro Intercooperativo denominado \u201cDesaf\u00edos actuales del sector cooperativo uruguayo\u201d. El evento se llev\u00f3 a cabo el s\u00e1bado 17 de octubre de 9 a 13 horas en Paso Severino. Teniendo en cuenta las restricciones para la participaci\u00f3n presencial, se trabaj\u00f3 en forma semipresencial, contando con algunas personas representantes de las mesas intercooperativas en el lugar, y con dem\u00e1s cooperativistas por plataforma virtual. En el encuentro se present\u00f3 los \u201cDESAF\u00cdOS ACTUALES DEL SECTOR COOPERATIVO URUGUAYO ANTE LA CRISIS [&#8230;]<\/p>\n","protected":false},"author":27,"featured_media":3345,"comment_status":"open","ping_status":"open","sticky":false,"template":"","format":"standard","meta":{"_acf_changed":false,"ngg_post_thumbnail":0,"footnotes":""},"categories":[7,6,1],"tags":[],"class_list":["post-3334","post","type-post","status-publish","format-standard","has-post-thumbnail","hentry","category-cooperativas","category-institucionales","category-noticias"],"acf":[],"_links":{"self":[{"href":"http:\/\/www.cudecoop.coop\/cudecoop\/wp-json\/wp\/v2\/posts\/3334","targetHints":{"allow":["GET"]}}],"collection":[{"href":"http:\/\/www.cudecoop.coop\/cudecoop\/wp-json\/wp\/v2\/posts"}],"about":[{"href":"http:\/\/www.cudecoop.coop\/cudecoop\/wp-json\/wp\/v2\/types\/post"}],"author":[{"embeddable":true,"href":"http:\/\/www.cudecoop.coop\/cudecoop\/wp-json\/wp\/v2\/users\/27"}],"replies":[{"embeddable":true,"href":"http:\/\/www.cudecoop.coop\/cudecoop\/wp-json\/wp\/v2\/comments?post=3334"}],"version-history":[{"count":5,"href":"http:\/\/www.cudecoop.coop\/cudecoop\/wp-json\/wp\/v2\/posts\/3334\/revisions"}],"predecessor-version":[{"id":3354,"href":"http:\/\/www.cudecoop.coop\/cudecoop\/wp-json\/wp\/v2\/posts\/3334\/revisions\/3354"}],"wp:featuredmedia":[{"embeddable":true,"href":"http:\/\/www.cudecoop.coop\/cudecoop\/wp-json\/wp\/v2\/media\/3345"}],"wp:attachment":[{"href":"http:\/\/www.cudecoop.coop\/cudecoop\/wp-json\/wp\/v2\/media?parent=3334"}],"wp:term":[{"taxonomy":"category","embeddable":true,"href":"http:\/\/www.cudecoop.coop\/cudecoop\/wp-json\/wp\/v2\/categories?post=3334"},{"taxonomy":"post_tag","embeddable":true,"href":"http:\/\/www.cudecoop.coop\/cudecoop\/wp-json\/wp\/v2\/tags?post=3334"}],"curies":[{"name":"wp","href":"https:\/\/api.w.org\/{rel}","templated":true}]}}