{"id":3333,"date":"2020-10-13T20:27:08","date_gmt":"2020-10-13T20:27:08","guid":{"rendered":"http:\/\/www.cudecoop.coop\/cudecoop\/?p=3333"},"modified":"2020-10-13T20:27:08","modified_gmt":"2020-10-13T20:27:08","slug":"firma-de-convenio-inacoop-cudecoop-fucerep-por-sicoop","status":"publish","type":"post","link":"http:\/\/www.cudecoop.coop\/cudecoop\/firma-de-convenio-inacoop-cudecoop-fucerep-por-sicoop\/","title":{"rendered":"Firma de convenio INACOOP CUDECOOP FUCEREP por S\u00cdCOOP"},"content":{"rendered":"<p>Este jueves 15 de octubre&nbsp;INACOOP, CUDECOOP y FUCEREP firman un convenio en el marco del S\u00edcoop. El mismo tiene por objeto el desarrollo de los instrumentos de financiamiento del Programa para lo cual todos los&nbsp;movimientos de fondos de las entidades vinculados al S\u00edcoop pasar\u00e1n a estar centralizadas en Fucerep.&nbsp;<\/p>\n<p>Adem\u00e1s, las entidades cooperativas adheridas al Sicoop a partir de esta firma podr\u00e1n realizar apertura de cuentas en Fucerep, sin costos asociados.&nbsp;<\/p>\n<p>Jueves 15 de octubre, 12h por zoom en el siguiente acceso:<\/p>\n<p>https:\/\/us02web.zoom.us\/j\/84430213861<\/p>\n<p>&nbsp;<\/p>\n","protected":false},"excerpt":{"rendered":"<p>Este jueves 15 de octubre&nbsp;INACOOP, CUDECOOP y FUCEREP firman un convenio en el marco del S\u00edcoop. El mismo tiene por objeto el desarrollo de los instrumentos de financiamiento del Programa para lo cual todos los&nbsp;movimientos de fondos de las entidades vinculados al S\u00edcoop pasar\u00e1n a estar centralizadas en Fucerep.&nbsp; Adem\u00e1s, las entidades cooperativas adheridas al Sicoop a partir de esta firma podr\u00e1n realizar apertura de cuentas en Fucerep, sin costos asociados.&nbsp; Jueves 15 de octubre, 12h por zoom en el siguiente acceso: https:\/\/us02web.zoom.us\/j\/84430213861 [&#8230;]<\/p>\n","protected":false},"author":27,"featured_media":3335,"comment_status":"open","ping_status":"open","sticky":false,"template":"","format":"standard","meta":{"_acf_changed":false,"ngg_post_thumbnail":0,"footnotes":""},"categories":[7,6,1],"tags":[],"class_list":["post-3333","post","type-post","status-publish","format-standard","has-post-thumbnail","hentry","category-cooperativas","category-institucionales","category-noticias"],"acf":[],"_links":{"self":[{"href":"http:\/\/www.cudecoop.coop\/cudecoop\/wp-json\/wp\/v2\/posts\/3333","targetHints":{"allow":["GET"]}}],"collection":[{"href":"http:\/\/www.cudecoop.coop\/cudecoop\/wp-json\/wp\/v2\/posts"}],"about":[{"href":"http:\/\/www.cudecoop.coop\/cudecoop\/wp-json\/wp\/v2\/types\/post"}],"author":[{"embeddable":true,"href":"http:\/\/www.cudecoop.coop\/cudecoop\/wp-json\/wp\/v2\/users\/27"}],"replies":[{"embeddable":true,"href":"http:\/\/www.cudecoop.coop\/cudecoop\/wp-json\/wp\/v2\/comments?post=3333"}],"version-history":[{"count":1,"href":"http:\/\/www.cudecoop.coop\/cudecoop\/wp-json\/wp\/v2\/posts\/3333\/revisions"}],"predecessor-version":[{"id":3336,"href":"http:\/\/www.cudecoop.coop\/cudecoop\/wp-json\/wp\/v2\/posts\/3333\/revisions\/3336"}],"wp:featuredmedia":[{"embeddable":true,"href":"http:\/\/www.cudecoop.coop\/cudecoop\/wp-json\/wp\/v2\/media\/3335"}],"wp:attachment":[{"href":"http:\/\/www.cudecoop.coop\/cudecoop\/wp-json\/wp\/v2\/media?parent=3333"}],"wp:term":[{"taxonomy":"category","embeddable":true,"href":"http:\/\/www.cudecoop.coop\/cudecoop\/wp-json\/wp\/v2\/categories?post=3333"},{"taxonomy":"post_tag","embeddable":true,"href":"http:\/\/www.cudecoop.coop\/cudecoop\/wp-json\/wp\/v2\/tags?post=3333"}],"curies":[{"name":"wp","href":"https:\/\/api.w.org\/{rel}","templated":true}]}}