{"id":3327,"date":"2020-10-06T22:34:48","date_gmt":"2020-10-06T22:34:48","guid":{"rendered":"http:\/\/www.cudecoop.coop\/cudecoop\/?p=3327"},"modified":"2020-10-07T12:26:56","modified_gmt":"2020-10-07T12:26:56","slug":"hoy-cudecoop-eligio-sus-nuevas-autoridades","status":"publish","type":"post","link":"http:\/\/www.cudecoop.coop\/cudecoop\/hoy-cudecoop-eligio-sus-nuevas-autoridades\/","title":{"rendered":"Hoy CUDECOOP eligi\u00f3 sus nuevas autoridades"},"content":{"rendered":"<hr>\n<p>El martes 6 de octubre tras la celebraci\u00f3n de la Asamblea General, en la que se presentaron los informes de la auditor\u00eda externa, el nuevo Consejo Directivo de CUDECOOP eligi\u00f3 a su nuevo Comit\u00e9 Ejecutivo, resultando con las siguientes autoridades y cargos:<\/p>\n<p>Alicia Maneiro (Fucvam) Presidenta<\/p>\n<p>Marisol Fuentes (FCPU) Secretaria<\/p>\n<p>Ricardo Romanelli (Confiar) Vicepresidente<\/p>\n<p>Stefanya Silveyra (CAF) Vicepresidenta Segunda<\/p>\n<p>R\u00faben Mart\u00ednez (FUCC) Tesorero&nbsp;<\/p>\n<p>&nbsp;<\/p>\n<p>A modo de despedida el Ejecutivo que se retir\u00f3 elabor\u00f3 un video que resume los grandes hitos durante su per\u00edodo de gesti\u00f3n. Les compartimos aqu\u00ed dicho material:<\/p>\n<p><iframe loading=\"lazy\" title=\"Cudecoop Ejecutivo 2014 - 2020\" width=\"525\" height=\"295\" src=\"https:\/\/www.youtube.com\/embed\/5GwK216jnn0?feature=oembed\" frameborder=\"0\" allow=\"accelerometer; autoplay; clipboard-write; encrypted-media; gyroscope; picture-in-picture; web-share\" referrerpolicy=\"strict-origin-when-cross-origin\" allowfullscreen><\/iframe><\/p>\n<p>Pronto actualizaremos la informaci\u00f3n sobre el nuevo Consejo Directivo.<\/p>\n","protected":false},"excerpt":{"rendered":"<p>El martes 6 de octubre tras la celebraci\u00f3n de la Asamblea General, en la que se presentaron los informes de la auditor\u00eda externa, el nuevo Consejo Directivo de CUDECOOP eligi\u00f3 a su nuevo Comit\u00e9 Ejecutivo, resultando con las siguientes autoridades y cargos: Alicia Maneiro (Fucvam) Presidenta Marisol Fuentes (FCPU) Secretaria Ricardo Romanelli (Confiar) Vicepresidente Stefanya Silveyra (CAF) Vicepresidenta Segunda R\u00faben Mart\u00ednez (FUCC) Tesorero&nbsp; &nbsp; A modo de despedida el Ejecutivo que se retir\u00f3 elabor\u00f3 un video que resume los grandes hitos durante su per\u00edodo de gesti\u00f3n. Les compartimos aqu\u00ed dicho material: Pronto actualizaremos la informaci\u00f3n sobre el nuevo Consejo [&#8230;]<\/p>\n","protected":false},"author":27,"featured_media":3328,"comment_status":"open","ping_status":"open","sticky":false,"template":"","format":"standard","meta":{"_acf_changed":false,"ngg_post_thumbnail":0,"footnotes":""},"categories":[7,6,1],"tags":[],"class_list":["post-3327","post","type-post","status-publish","format-standard","has-post-thumbnail","hentry","category-cooperativas","category-institucionales","category-noticias"],"acf":[],"_links":{"self":[{"href":"http:\/\/www.cudecoop.coop\/cudecoop\/wp-json\/wp\/v2\/posts\/3327","targetHints":{"allow":["GET"]}}],"collection":[{"href":"http:\/\/www.cudecoop.coop\/cudecoop\/wp-json\/wp\/v2\/posts"}],"about":[{"href":"http:\/\/www.cudecoop.coop\/cudecoop\/wp-json\/wp\/v2\/types\/post"}],"author":[{"embeddable":true,"href":"http:\/\/www.cudecoop.coop\/cudecoop\/wp-json\/wp\/v2\/users\/27"}],"replies":[{"embeddable":true,"href":"http:\/\/www.cudecoop.coop\/cudecoop\/wp-json\/wp\/v2\/comments?post=3327"}],"version-history":[{"count":3,"href":"http:\/\/www.cudecoop.coop\/cudecoop\/wp-json\/wp\/v2\/posts\/3327\/revisions"}],"predecessor-version":[{"id":3331,"href":"http:\/\/www.cudecoop.coop\/cudecoop\/wp-json\/wp\/v2\/posts\/3327\/revisions\/3331"}],"wp:featuredmedia":[{"embeddable":true,"href":"http:\/\/www.cudecoop.coop\/cudecoop\/wp-json\/wp\/v2\/media\/3328"}],"wp:attachment":[{"href":"http:\/\/www.cudecoop.coop\/cudecoop\/wp-json\/wp\/v2\/media?parent=3327"}],"wp:term":[{"taxonomy":"category","embeddable":true,"href":"http:\/\/www.cudecoop.coop\/cudecoop\/wp-json\/wp\/v2\/categories?post=3327"},{"taxonomy":"post_tag","embeddable":true,"href":"http:\/\/www.cudecoop.coop\/cudecoop\/wp-json\/wp\/v2\/tags?post=3327"}],"curies":[{"name":"wp","href":"https:\/\/api.w.org\/{rel}","templated":true}]}}